{"id":57484,"date":"2024-06-14T11:10:25","date_gmt":"2024-06-14T14:10:25","guid":{"rendered":"https:\/\/concertacaoamazonia.com.br\/?p=57484"},"modified":"2024-06-14T11:10:28","modified_gmt":"2024-06-14T14:10:28","slug":"incentivo-ao-gas-fossil-pode-atrasar-transicao-energetica-por-30-anos-diz-relatorio","status":"publish","type":"post","link":"https:\/\/concertacaoamazonia.com.br\/en\/2024\/06\/14\/incentivo-ao-gas-fossil-pode-atrasar-transicao-energetica-por-30-anos-diz-relatorio\/","title":{"rendered":"Incentivo ao g\u00e1s f\u00f3ssil pode atrasar transi\u00e7\u00e3o energ\u00e9tica por 30 anos, diz relat\u00f3rio"},"content":{"rendered":"\n<p>Mais de 70 novas t\u00e9rmicas a g\u00e1s est\u00e3o em fase de estudo e planejamento no Brasil. Somente planos futuros da Eletrobras podem emitir 300 mi\/ton de CO2<\/p>\n","protected":false},"excerpt":{"rendered":"<p>Mais de 70 novas t\u00e9rmicas a g\u00e1s est\u00e3o em fase de estudo e planejamento no Brasil. Somente planos futuros da Eletrobras podem emitir 300 mi\/ton de CO2<\/p>\n","protected":false},"author":226,"featured_media":57485,"comment_status":"closed","ping_status":"closed","sticky":false,"template":"","format":"standard","meta":{"footnotes":""},"categories":[28],"tags":[],"veiculo":[2047],"ano":[2075],"eixos":[],"class_list":["post-57484","post","type-post","status-publish","format-standard","has-post-thumbnail","hentry","category-artigo-externo","veiculo-o-eco"],"_links":{"self":[{"href":"https:\/\/concertacaoamazonia.com.br\/en\/wp-json\/wp\/v2\/posts\/57484","targetHints":{"allow":["GET"]}}],"collection":[{"href":"https:\/\/concertacaoamazonia.com.br\/en\/wp-json\/wp\/v2\/posts"}],"about":[{"href":"https:\/\/concertacaoamazonia.com.br\/en\/wp-json\/wp\/v2\/types\/post"}],"author":[{"embeddable":true,"href":"https:\/\/concertacaoamazonia.com.br\/en\/wp-json\/wp\/v2\/users\/226"}],"replies":[{"embeddable":true,"href":"https:\/\/concertacaoamazonia.com.br\/en\/wp-json\/wp\/v2\/comments?post=57484"}],"version-history":[{"count":0,"href":"https:\/\/concertacaoamazonia.com.br\/en\/wp-json\/wp\/v2\/posts\/57484\/revisions"}],"wp:featuredmedia":[{"embeddable":true,"href":"https:\/\/concertacaoamazonia.com.br\/en\/wp-json\/wp\/v2\/media\/57485"}],"wp:attachment":[{"href":"https:\/\/concertacaoamazonia.com.br\/en\/wp-json\/wp\/v2\/media?parent=57484"}],"wp:term":[{"taxonomy":"category","embeddable":true,"href":"https:\/\/concertacaoamazonia.com.br\/en\/wp-json\/wp\/v2\/categories?post=57484"},{"taxonomy":"post_tag","embeddable":true,"href":"https:\/\/concertacaoamazonia.com.br\/en\/wp-json\/wp\/v2\/tags?post=57484"},{"taxonomy":"veiculo","embeddable":true,"href":"https:\/\/concertacaoamazonia.com.br\/en\/wp-json\/wp\/v2\/veiculo?post=57484"},{"taxonomy":"ano","embeddable":true,"href":"https:\/\/concertacaoamazonia.com.br\/en\/wp-json\/wp\/v2\/ano?post=57484"},{"taxonomy":"eixos","embeddable":true,"href":"https:\/\/concertacaoamazonia.com.br\/en\/wp-json\/wp\/v2\/eixos?post=57484"}],"curies":[{"name":"wp","href":"https:\/\/api.w.org\/{rel}","templated":true}]}}