{"id":57476,"date":"2024-06-14T11:04:08","date_gmt":"2024-06-14T14:04:08","guid":{"rendered":"https:\/\/concertacaoamazonia.com.br\/?p=57476"},"modified":"2024-06-14T11:06:19","modified_gmt":"2024-06-14T14:06:19","slug":"nao-uma-aldeia-remota-da-amazonia-nao-se-viciou-em-pornografia","status":"publish","type":"post","link":"https:\/\/concertacaoamazonia.com.br\/en\/2024\/06\/14\/nao-uma-aldeia-remota-da-amazonia-nao-se-viciou-em-pornografia\/","title":{"rendered":"N\u00e3o, uma aldeia remota da Amaz\u00f4nia n\u00e3o se viciou em pornografia"},"content":{"rendered":"\n<p>Uma reportagem do New York Times sobre a chegada da internet de alta velocidade em uma aldeia remota da Amaz\u00f4nia acabou trazendo um alerta sobre o lado sombrio da pr\u00f3pria web<\/p>\n","protected":false},"excerpt":{"rendered":"<p>Uma reportagem do New York Times sobre a chegada da internet de alta velocidade em uma aldeia remota da Amaz\u00f4nia acabou trazendo um alerta sobre o lado sombrio da pr\u00f3pria web<\/p>\n","protected":false},"author":226,"featured_media":57478,"comment_status":"closed","ping_status":"closed","sticky":false,"template":"","format":"standard","meta":{"footnotes":""},"categories":[28],"tags":[],"veiculo":[1871],"ano":[2075],"eixos":[],"class_list":["post-57476","post","type-post","status-publish","format-standard","has-post-thumbnail","hentry","category-artigo-externo","veiculo-folha-de-sao-paulo-en-2"],"_links":{"self":[{"href":"https:\/\/concertacaoamazonia.com.br\/en\/wp-json\/wp\/v2\/posts\/57476","targetHints":{"allow":["GET"]}}],"collection":[{"href":"https:\/\/concertacaoamazonia.com.br\/en\/wp-json\/wp\/v2\/posts"}],"about":[{"href":"https:\/\/concertacaoamazonia.com.br\/en\/wp-json\/wp\/v2\/types\/post"}],"author":[{"embeddable":true,"href":"https:\/\/concertacaoamazonia.com.br\/en\/wp-json\/wp\/v2\/users\/226"}],"replies":[{"embeddable":true,"href":"https:\/\/concertacaoamazonia.com.br\/en\/wp-json\/wp\/v2\/comments?post=57476"}],"version-history":[{"count":0,"href":"https:\/\/concertacaoamazonia.com.br\/en\/wp-json\/wp\/v2\/posts\/57476\/revisions"}],"wp:featuredmedia":[{"embeddable":true,"href":"https:\/\/concertacaoamazonia.com.br\/en\/wp-json\/wp\/v2\/media\/57478"}],"wp:attachment":[{"href":"https:\/\/concertacaoamazonia.com.br\/en\/wp-json\/wp\/v2\/media?parent=57476"}],"wp:term":[{"taxonomy":"category","embeddable":true,"href":"https:\/\/concertacaoamazonia.com.br\/en\/wp-json\/wp\/v2\/categories?post=57476"},{"taxonomy":"post_tag","embeddable":true,"href":"https:\/\/concertacaoamazonia.com.br\/en\/wp-json\/wp\/v2\/tags?post=57476"},{"taxonomy":"veiculo","embeddable":true,"href":"https:\/\/concertacaoamazonia.com.br\/en\/wp-json\/wp\/v2\/veiculo?post=57476"},{"taxonomy":"ano","embeddable":true,"href":"https:\/\/concertacaoamazonia.com.br\/en\/wp-json\/wp\/v2\/ano?post=57476"},{"taxonomy":"eixos","embeddable":true,"href":"https:\/\/concertacaoamazonia.com.br\/en\/wp-json\/wp\/v2\/eixos?post=57476"}],"curies":[{"name":"wp","href":"https:\/\/api.w.org\/{rel}","templated":true}]}}