{"id":57472,"date":"2024-06-14T11:02:04","date_gmt":"2024-06-14T14:02:04","guid":{"rendered":"https:\/\/concertacaoamazonia.com.br\/?p=57472"},"modified":"2024-06-14T11:02:07","modified_gmt":"2024-06-14T14:02:07","slug":"brasil-e-um-dos-lideres-na-transicao-energetica-global-diz-diretor-do-forum-economico-mundial","status":"publish","type":"post","link":"https:\/\/concertacaoamazonia.com.br\/en\/2024\/06\/14\/brasil-e-um-dos-lideres-na-transicao-energetica-global-diz-diretor-do-forum-economico-mundial\/","title":{"rendered":"Brasil \u00e9 um dos l\u00edderes na transi\u00e7\u00e3o energ\u00e9tica global, diz diretor do F\u00f3rum Econ\u00f4mico Mundial"},"content":{"rendered":"\n<p>Pa\u00eds tem muito a ensinar a economias emergentes, mas alto custo de capital \u00e9 desafio, afirma Espen Mehlum<\/p>\n","protected":false},"excerpt":{"rendered":"<p>Pa\u00eds tem muito a ensinar a economias emergentes, mas alto custo de capital \u00e9 desafio, afirma Espen Mehlum<\/p>\n","protected":false},"author":226,"featured_media":57473,"comment_status":"closed","ping_status":"closed","sticky":false,"template":"","format":"standard","meta":{"footnotes":""},"categories":[28],"tags":[],"veiculo":[1871],"ano":[2075],"eixos":[],"class_list":["post-57472","post","type-post","status-publish","format-standard","has-post-thumbnail","hentry","category-artigo-externo","veiculo-folha-de-sao-paulo-en-2"],"_links":{"self":[{"href":"https:\/\/concertacaoamazonia.com.br\/en\/wp-json\/wp\/v2\/posts\/57472","targetHints":{"allow":["GET"]}}],"collection":[{"href":"https:\/\/concertacaoamazonia.com.br\/en\/wp-json\/wp\/v2\/posts"}],"about":[{"href":"https:\/\/concertacaoamazonia.com.br\/en\/wp-json\/wp\/v2\/types\/post"}],"author":[{"embeddable":true,"href":"https:\/\/concertacaoamazonia.com.br\/en\/wp-json\/wp\/v2\/users\/226"}],"replies":[{"embeddable":true,"href":"https:\/\/concertacaoamazonia.com.br\/en\/wp-json\/wp\/v2\/comments?post=57472"}],"version-history":[{"count":0,"href":"https:\/\/concertacaoamazonia.com.br\/en\/wp-json\/wp\/v2\/posts\/57472\/revisions"}],"wp:featuredmedia":[{"embeddable":true,"href":"https:\/\/concertacaoamazonia.com.br\/en\/wp-json\/wp\/v2\/media\/57473"}],"wp:attachment":[{"href":"https:\/\/concertacaoamazonia.com.br\/en\/wp-json\/wp\/v2\/media?parent=57472"}],"wp:term":[{"taxonomy":"category","embeddable":true,"href":"https:\/\/concertacaoamazonia.com.br\/en\/wp-json\/wp\/v2\/categories?post=57472"},{"taxonomy":"post_tag","embeddable":true,"href":"https:\/\/concertacaoamazonia.com.br\/en\/wp-json\/wp\/v2\/tags?post=57472"},{"taxonomy":"veiculo","embeddable":true,"href":"https:\/\/concertacaoamazonia.com.br\/en\/wp-json\/wp\/v2\/veiculo?post=57472"},{"taxonomy":"ano","embeddable":true,"href":"https:\/\/concertacaoamazonia.com.br\/en\/wp-json\/wp\/v2\/ano?post=57472"},{"taxonomy":"eixos","embeddable":true,"href":"https:\/\/concertacaoamazonia.com.br\/en\/wp-json\/wp\/v2\/eixos?post=57472"}],"curies":[{"name":"wp","href":"https:\/\/api.w.org\/{rel}","templated":true}]}}