{"id":57464,"date":"2024-06-14T10:48:51","date_gmt":"2024-06-14T13:48:51","guid":{"rendered":"https:\/\/concertacaoamazonia.com.br\/?p=57464"},"modified":"2024-06-14T10:48:54","modified_gmt":"2024-06-14T13:48:54","slug":"tecnicas-de-protecao-territorial-chegam-a-36-terras-indigenas-na-amazonia","status":"publish","type":"post","link":"https:\/\/concertacaoamazonia.com.br\/en\/2024\/06\/14\/tecnicas-de-protecao-territorial-chegam-a-36-terras-indigenas-na-amazonia\/","title":{"rendered":"T\u00e9cnicas de prote\u00e7\u00e3o territorial chegam a 36 terras ind\u00edgenas na Amaz\u00f4nia"},"content":{"rendered":"\n<p>Habilidades de prote\u00e7\u00e3o e monitoramento territorial foram fortalecidas entre 401 lideran\u00e7as origin\u00e1rias que vivem em 17 milh\u00f5es de hectares de terras ind\u00edgenas da Amaz\u00f4nia. As t\u00e1ticas fazem parte do curso oferecido pelo IPAM (Instituto de Pesquisa Ambiental da Amaz\u00f4nia) em colabora\u00e7\u00e3o com organiza\u00e7\u00f5es ind\u00edgenas, seus resultados foram descritos no novo boletim PROTEJA, que divulga resultados de a\u00e7\u00f5es e pesquisas em prol da preserva\u00e7\u00e3o de \u00e1reas protegidas.<\/p>\n\n\n\n<p><a href=\"https:\/\/ipam.org.br\/#twitter\" target=\"_blank\" rel=\"noreferrer noopener\"><\/a><\/p>\n","protected":false},"excerpt":{"rendered":"<p>Habilidades de prote\u00e7\u00e3o e monitoramento territorial foram fortalecidas entre 401 lideran\u00e7as origin\u00e1rias que vivem em 17 milh\u00f5es de hectares de terras ind\u00edgenas da Amaz\u00f4nia. As t\u00e1ticas fazem parte do curso oferecido pelo IPAM (Instituto de Pesquisa Ambiental da Amaz\u00f4nia) em colabora\u00e7\u00e3o com organiza\u00e7\u00f5es ind\u00edgenas, seus resultados foram descritos no novo boletim PROTEJA, que divulga resultados de a\u00e7\u00f5es e pesquisas em prol da preserva\u00e7\u00e3o de \u00e1reas protegidas.<\/p>\n","protected":false},"author":226,"featured_media":57465,"comment_status":"closed","ping_status":"closed","sticky":false,"template":"","format":"standard","meta":{"footnotes":""},"categories":[28],"tags":[],"veiculo":[804],"ano":[2075],"eixos":[],"class_list":["post-57464","post","type-post","status-publish","format-standard","has-post-thumbnail","hentry","category-artigo-externo","veiculo-ipam"],"_links":{"self":[{"href":"https:\/\/concertacaoamazonia.com.br\/en\/wp-json\/wp\/v2\/posts\/57464","targetHints":{"allow":["GET"]}}],"collection":[{"href":"https:\/\/concertacaoamazonia.com.br\/en\/wp-json\/wp\/v2\/posts"}],"about":[{"href":"https:\/\/concertacaoamazonia.com.br\/en\/wp-json\/wp\/v2\/types\/post"}],"author":[{"embeddable":true,"href":"https:\/\/concertacaoamazonia.com.br\/en\/wp-json\/wp\/v2\/users\/226"}],"replies":[{"embeddable":true,"href":"https:\/\/concertacaoamazonia.com.br\/en\/wp-json\/wp\/v2\/comments?post=57464"}],"version-history":[{"count":0,"href":"https:\/\/concertacaoamazonia.com.br\/en\/wp-json\/wp\/v2\/posts\/57464\/revisions"}],"wp:featuredmedia":[{"embeddable":true,"href":"https:\/\/concertacaoamazonia.com.br\/en\/wp-json\/wp\/v2\/media\/57465"}],"wp:attachment":[{"href":"https:\/\/concertacaoamazonia.com.br\/en\/wp-json\/wp\/v2\/media?parent=57464"}],"wp:term":[{"taxonomy":"category","embeddable":true,"href":"https:\/\/concertacaoamazonia.com.br\/en\/wp-json\/wp\/v2\/categories?post=57464"},{"taxonomy":"post_tag","embeddable":true,"href":"https:\/\/concertacaoamazonia.com.br\/en\/wp-json\/wp\/v2\/tags?post=57464"},{"taxonomy":"veiculo","embeddable":true,"href":"https:\/\/concertacaoamazonia.com.br\/en\/wp-json\/wp\/v2\/veiculo?post=57464"},{"taxonomy":"ano","embeddable":true,"href":"https:\/\/concertacaoamazonia.com.br\/en\/wp-json\/wp\/v2\/ano?post=57464"},{"taxonomy":"eixos","embeddable":true,"href":"https:\/\/concertacaoamazonia.com.br\/en\/wp-json\/wp\/v2\/eixos?post=57464"}],"curies":[{"name":"wp","href":"https:\/\/api.w.org\/{rel}","templated":true}]}}