{"id":57455,"date":"2024-06-14T10:44:33","date_gmt":"2024-06-14T13:44:33","guid":{"rendered":"https:\/\/concertacaoamazonia.com.br\/?p=57455"},"modified":"2024-06-14T10:44:36","modified_gmt":"2024-06-14T13:44:36","slug":"ligacao-entre-wall-street-e-esgotamento-da-amazonia-e-mapeada-em-relatorio","status":"publish","type":"post","link":"https:\/\/concertacaoamazonia.com.br\/en\/2024\/06\/14\/ligacao-entre-wall-street-e-esgotamento-da-amazonia-e-mapeada-em-relatorio\/","title":{"rendered":"Liga\u00e7\u00e3o entre Wall Street e esgotamento da Amaz\u00f4nia \u00e9 mapeada em relat\u00f3rio"},"content":{"rendered":"\n<p>Com temperaturas globais ultrapassando recordes anteriores, a regi\u00e3o est\u00e1 pr\u00f3xima de colapso ambiental, dizem pesquisadores<\/p>\n","protected":false},"excerpt":{"rendered":"<p>Com temperaturas globais ultrapassando recordes anteriores, a regi\u00e3o est\u00e1 pr\u00f3xima de colapso ambiental, dizem pesquisadores<\/p>\n","protected":false},"author":226,"featured_media":57456,"comment_status":"closed","ping_status":"closed","sticky":false,"template":"","format":"standard","meta":{"footnotes":""},"categories":[28],"tags":[],"veiculo":[1871],"ano":[2075],"eixos":[],"class_list":["post-57455","post","type-post","status-publish","format-standard","has-post-thumbnail","hentry","category-artigo-externo","veiculo-folha-de-sao-paulo-en-2"],"_links":{"self":[{"href":"https:\/\/concertacaoamazonia.com.br\/en\/wp-json\/wp\/v2\/posts\/57455","targetHints":{"allow":["GET"]}}],"collection":[{"href":"https:\/\/concertacaoamazonia.com.br\/en\/wp-json\/wp\/v2\/posts"}],"about":[{"href":"https:\/\/concertacaoamazonia.com.br\/en\/wp-json\/wp\/v2\/types\/post"}],"author":[{"embeddable":true,"href":"https:\/\/concertacaoamazonia.com.br\/en\/wp-json\/wp\/v2\/users\/226"}],"replies":[{"embeddable":true,"href":"https:\/\/concertacaoamazonia.com.br\/en\/wp-json\/wp\/v2\/comments?post=57455"}],"version-history":[{"count":0,"href":"https:\/\/concertacaoamazonia.com.br\/en\/wp-json\/wp\/v2\/posts\/57455\/revisions"}],"wp:featuredmedia":[{"embeddable":true,"href":"https:\/\/concertacaoamazonia.com.br\/en\/wp-json\/wp\/v2\/media\/57456"}],"wp:attachment":[{"href":"https:\/\/concertacaoamazonia.com.br\/en\/wp-json\/wp\/v2\/media?parent=57455"}],"wp:term":[{"taxonomy":"category","embeddable":true,"href":"https:\/\/concertacaoamazonia.com.br\/en\/wp-json\/wp\/v2\/categories?post=57455"},{"taxonomy":"post_tag","embeddable":true,"href":"https:\/\/concertacaoamazonia.com.br\/en\/wp-json\/wp\/v2\/tags?post=57455"},{"taxonomy":"veiculo","embeddable":true,"href":"https:\/\/concertacaoamazonia.com.br\/en\/wp-json\/wp\/v2\/veiculo?post=57455"},{"taxonomy":"ano","embeddable":true,"href":"https:\/\/concertacaoamazonia.com.br\/en\/wp-json\/wp\/v2\/ano?post=57455"},{"taxonomy":"eixos","embeddable":true,"href":"https:\/\/concertacaoamazonia.com.br\/en\/wp-json\/wp\/v2\/eixos?post=57455"}],"curies":[{"name":"wp","href":"https:\/\/api.w.org\/{rel}","templated":true}]}}