{"id":57451,"date":"2024-06-14T10:41:45","date_gmt":"2024-06-14T13:41:45","guid":{"rendered":"https:\/\/concertacaoamazonia.com.br\/?p=57451"},"modified":"2024-06-14T10:41:48","modified_gmt":"2024-06-14T13:41:48","slug":"andrei-rodrigues-da-pf-diz-que-crime-nao-tem-fronteira-e-anuncia-centro-de-cooperacao-internacional-em-manaus","status":"publish","type":"post","link":"https:\/\/concertacaoamazonia.com.br\/en\/2024\/06\/14\/andrei-rodrigues-da-pf-diz-que-crime-nao-tem-fronteira-e-anuncia-centro-de-cooperacao-internacional-em-manaus\/","title":{"rendered":"Andrei Rodrigues, da PF, diz que crime n\u00e3o tem fronteira e anuncia centro de coopera\u00e7\u00e3o internacional em Manaus"},"content":{"rendered":"\n<p>A\u00a0<a class=\"\" href=\"https:\/\/oglobo.globo.com\/tudo-sobre\/instituicao-governamental\/policia-federal\" target=\"_blank\" rel=\"noreferrer noopener\">Pol\u00edcia Federal<\/a>\u00a0est\u00e1 em muitas frentes e o diretor-geral da PF, Andrei Passos Rodrigues, contou sobre alguma dessas investiga\u00e7\u00f5es no meu programa da GloboNews. Ele falou sobre a a\u00e7\u00f5es conjuntas das pol\u00edcias em defesa da\u00a0<a class=\"\" href=\"https:\/\/oglobo.globo.com\/tudo-sobre\/ponto-turistico\/amazonia\" target=\"_blank\" rel=\"noreferrer noopener\">Amaz\u00f4nia<\/a>, inclusive com outros pa\u00edses, com financiamento do\u00a0<a class=\"\" href=\"https:\/\/oglobo.globo.com\/tudo-sobre\/instituicao-governamental\/bndes\/\" target=\"_blank\" rel=\"noreferrer noopener\">BNDES<\/a>\u00a0atrav\u00e9s do Fundo Amaz\u00f4nia.<\/p>\n","protected":false},"excerpt":{"rendered":"<p>A Pol\u00edcia Federal est\u00e1 em muitas frentes e o diretor-geral da PF, Andrei Passos Rodrigues, contou sobre alguma dessas investiga\u00e7\u00f5es no meu programa da GloboNews. Ele falou sobre a a\u00e7\u00f5es conjuntas das pol\u00edcias em defesa da Amaz\u00f4nia, inclusive com outros pa\u00edses, com financiamento do BNDES atrav\u00e9s do Fundo Amaz\u00f4nia.<\/p>\n","protected":false},"author":226,"featured_media":57452,"comment_status":"closed","ping_status":"closed","sticky":false,"template":"","format":"standard","meta":{"footnotes":""},"categories":[28],"tags":[],"veiculo":[724],"ano":[2075],"eixos":[],"class_list":["post-57451","post","type-post","status-publish","format-standard","has-post-thumbnail","hentry","category-artigo-externo","veiculo-o-globo"],"_links":{"self":[{"href":"https:\/\/concertacaoamazonia.com.br\/en\/wp-json\/wp\/v2\/posts\/57451","targetHints":{"allow":["GET"]}}],"collection":[{"href":"https:\/\/concertacaoamazonia.com.br\/en\/wp-json\/wp\/v2\/posts"}],"about":[{"href":"https:\/\/concertacaoamazonia.com.br\/en\/wp-json\/wp\/v2\/types\/post"}],"author":[{"embeddable":true,"href":"https:\/\/concertacaoamazonia.com.br\/en\/wp-json\/wp\/v2\/users\/226"}],"replies":[{"embeddable":true,"href":"https:\/\/concertacaoamazonia.com.br\/en\/wp-json\/wp\/v2\/comments?post=57451"}],"version-history":[{"count":0,"href":"https:\/\/concertacaoamazonia.com.br\/en\/wp-json\/wp\/v2\/posts\/57451\/revisions"}],"wp:featuredmedia":[{"embeddable":true,"href":"https:\/\/concertacaoamazonia.com.br\/en\/wp-json\/wp\/v2\/media\/57452"}],"wp:attachment":[{"href":"https:\/\/concertacaoamazonia.com.br\/en\/wp-json\/wp\/v2\/media?parent=57451"}],"wp:term":[{"taxonomy":"category","embeddable":true,"href":"https:\/\/concertacaoamazonia.com.br\/en\/wp-json\/wp\/v2\/categories?post=57451"},{"taxonomy":"post_tag","embeddable":true,"href":"https:\/\/concertacaoamazonia.com.br\/en\/wp-json\/wp\/v2\/tags?post=57451"},{"taxonomy":"veiculo","embeddable":true,"href":"https:\/\/concertacaoamazonia.com.br\/en\/wp-json\/wp\/v2\/veiculo?post=57451"},{"taxonomy":"ano","embeddable":true,"href":"https:\/\/concertacaoamazonia.com.br\/en\/wp-json\/wp\/v2\/ano?post=57451"},{"taxonomy":"eixos","embeddable":true,"href":"https:\/\/concertacaoamazonia.com.br\/en\/wp-json\/wp\/v2\/eixos?post=57451"}],"curies":[{"name":"wp","href":"https:\/\/api.w.org\/{rel}","templated":true}]}}