{"id":57261,"date":"2024-06-11T19:52:46","date_gmt":"2024-06-11T22:52:46","guid":{"rendered":"https:\/\/concertacaoamazonia.com.br\/?p=57261"},"modified":"2024-06-11T19:52:49","modified_gmt":"2024-06-11T22:52:49","slug":"os-planos-nacionais-de-acao-climatica-tem-metas-florestais-insuficientes-e-o-desmatamento-continua-a-aumentar","status":"publish","type":"post","link":"https:\/\/concertacaoamazonia.com.br\/en\/2024\/06\/11\/os-planos-nacionais-de-acao-climatica-tem-metas-florestais-insuficientes-e-o-desmatamento-continua-a-aumentar\/","title":{"rendered":"Os planos nacionais de a\u00e7\u00e3o clim\u00e1tica t\u00eam metas florestais insuficientes e o desmatamento continua a aumentar"},"content":{"rendered":"\n<p>Apesar dos compromissos globais para deter o desmatamento at\u00e9 2030, apenas oito dos 20 principais pa\u00edses com a maior taxa de desmatamento tropical quantificaram metas sobre florestas em seus planos nacionais de a\u00e7\u00e3o clim\u00e1tica, tamb\u00e9m conhecidos como Contribui\u00e7\u00f5es Nacionalmente Determinadas (NDCs). Essa \u00e9 uma das principais conclus\u00f5es do relat\u00f3rio da UN-REDD \u201cAumentando a ambi\u00e7\u00e3o, acelerando a a\u00e7\u00e3o: Rumo a melhores Contribui\u00e7\u00f5es Nacionalmente Determinadas para as florestas&#8221;, publicado hoje enquanto os pa\u00edses se re\u00fanem para a Confer\u00eancia sobre Mudan\u00e7as Clim\u00e1ticas de Bonn.\u00a0<\/p>\n","protected":false},"excerpt":{"rendered":"<p>Apesar dos compromissos globais para deter o desmatamento at\u00e9 2030, apenas oito dos 20 principais pa\u00edses com a maior taxa de desmatamento tropical quantificaram metas sobre florestas em seus planos nacionais de a\u00e7\u00e3o clim\u00e1tica, tamb\u00e9m conhecidos como Contribui\u00e7\u00f5es Nacionalmente Determinadas (NDCs). Essa \u00e9 uma das principais conclus\u00f5es do relat\u00f3rio da UN-REDD \u201cAumentando a ambi\u00e7\u00e3o, acelerando a a\u00e7\u00e3o: Rumo a melhores Contribui\u00e7\u00f5es Nacionalmente Determinadas para as florestas&#8221;, publicado hoje enquanto os pa\u00edses se re\u00fanem para a Confer\u00eancia sobre Mudan\u00e7as Clim\u00e1ticas de Bonn. <\/p>\n","protected":false},"author":226,"featured_media":57262,"comment_status":"closed","ping_status":"closed","sticky":false,"template":"","format":"standard","meta":{"footnotes":""},"categories":[28],"tags":[],"veiculo":[2134],"ano":[2075],"eixos":[],"class_list":["post-57261","post","type-post","status-publish","format-standard","has-post-thumbnail","hentry","category-artigo-externo","veiculo-unep"],"_links":{"self":[{"href":"https:\/\/concertacaoamazonia.com.br\/en\/wp-json\/wp\/v2\/posts\/57261","targetHints":{"allow":["GET"]}}],"collection":[{"href":"https:\/\/concertacaoamazonia.com.br\/en\/wp-json\/wp\/v2\/posts"}],"about":[{"href":"https:\/\/concertacaoamazonia.com.br\/en\/wp-json\/wp\/v2\/types\/post"}],"author":[{"embeddable":true,"href":"https:\/\/concertacaoamazonia.com.br\/en\/wp-json\/wp\/v2\/users\/226"}],"replies":[{"embeddable":true,"href":"https:\/\/concertacaoamazonia.com.br\/en\/wp-json\/wp\/v2\/comments?post=57261"}],"version-history":[{"count":0,"href":"https:\/\/concertacaoamazonia.com.br\/en\/wp-json\/wp\/v2\/posts\/57261\/revisions"}],"wp:featuredmedia":[{"embeddable":true,"href":"https:\/\/concertacaoamazonia.com.br\/en\/wp-json\/wp\/v2\/media\/57262"}],"wp:attachment":[{"href":"https:\/\/concertacaoamazonia.com.br\/en\/wp-json\/wp\/v2\/media?parent=57261"}],"wp:term":[{"taxonomy":"category","embeddable":true,"href":"https:\/\/concertacaoamazonia.com.br\/en\/wp-json\/wp\/v2\/categories?post=57261"},{"taxonomy":"post_tag","embeddable":true,"href":"https:\/\/concertacaoamazonia.com.br\/en\/wp-json\/wp\/v2\/tags?post=57261"},{"taxonomy":"veiculo","embeddable":true,"href":"https:\/\/concertacaoamazonia.com.br\/en\/wp-json\/wp\/v2\/veiculo?post=57261"},{"taxonomy":"ano","embeddable":true,"href":"https:\/\/concertacaoamazonia.com.br\/en\/wp-json\/wp\/v2\/ano?post=57261"},{"taxonomy":"eixos","embeddable":true,"href":"https:\/\/concertacaoamazonia.com.br\/en\/wp-json\/wp\/v2\/eixos?post=57261"}],"curies":[{"name":"wp","href":"https:\/\/api.w.org\/{rel}","templated":true}]}}