{"id":57202,"date":"2024-06-10T16:07:10","date_gmt":"2024-06-10T19:07:10","guid":{"rendered":"https:\/\/concertacaoamazonia.com.br\/?p=57202"},"modified":"2024-06-10T16:09:20","modified_gmt":"2024-06-10T19:09:20","slug":"a-defesa-e-as-mudancas-climaticas","status":"publish","type":"post","link":"https:\/\/concertacaoamazonia.com.br\/en\/2024\/06\/10\/a-defesa-e-as-mudancas-climaticas\/","title":{"rendered":"A Defesa e as mudan\u00e7as clim\u00e1ticas"},"content":{"rendered":"\n<p>Evid\u00eancias cient\u00edficas recentes apontam para um cen\u00e1rio prov\u00e1vel de aumento de temperatura acima de 2\u00baC nos pr\u00f3ximos anos, superando, assim, as metas estabelecidas no Acordo de Paris, de 2015. Com isso, torna-se cada vez mais urgente mapear as vulnerabilidades do Brasil para construir uma estrat\u00e9gia nacional de adapta\u00e7\u00e3o clim\u00e1tica integrada e multissetorial.<\/p>\n","protected":false},"excerpt":{"rendered":"<p>Evid\u00eancias cient\u00edficas recentes apontam para um cen\u00e1rio prov\u00e1vel de aumento de temperatura acima de 2\u00baC nos pr\u00f3ximos anos, superando, assim, as metas estabelecidas no Acordo de Paris, de 2015. Com isso, torna-se cada vez mais urgente mapear as vulnerabilidades do Brasil para construir uma estrat\u00e9gia nacional de adapta\u00e7\u00e3o clim\u00e1tica integrada e multissetorial.<\/p>\n","protected":false},"author":226,"featured_media":57203,"comment_status":"closed","ping_status":"closed","sticky":false,"template":"","format":"standard","meta":{"footnotes":""},"categories":[28],"tags":[],"veiculo":[1873],"ano":[2075],"eixos":[],"class_list":["post-57202","post","type-post","status-publish","format-standard","has-post-thumbnail","hentry","category-artigo-externo","veiculo-valor-economico-en-2"],"_links":{"self":[{"href":"https:\/\/concertacaoamazonia.com.br\/en\/wp-json\/wp\/v2\/posts\/57202","targetHints":{"allow":["GET"]}}],"collection":[{"href":"https:\/\/concertacaoamazonia.com.br\/en\/wp-json\/wp\/v2\/posts"}],"about":[{"href":"https:\/\/concertacaoamazonia.com.br\/en\/wp-json\/wp\/v2\/types\/post"}],"author":[{"embeddable":true,"href":"https:\/\/concertacaoamazonia.com.br\/en\/wp-json\/wp\/v2\/users\/226"}],"replies":[{"embeddable":true,"href":"https:\/\/concertacaoamazonia.com.br\/en\/wp-json\/wp\/v2\/comments?post=57202"}],"version-history":[{"count":0,"href":"https:\/\/concertacaoamazonia.com.br\/en\/wp-json\/wp\/v2\/posts\/57202\/revisions"}],"wp:featuredmedia":[{"embeddable":true,"href":"https:\/\/concertacaoamazonia.com.br\/en\/wp-json\/wp\/v2\/media\/57203"}],"wp:attachment":[{"href":"https:\/\/concertacaoamazonia.com.br\/en\/wp-json\/wp\/v2\/media?parent=57202"}],"wp:term":[{"taxonomy":"category","embeddable":true,"href":"https:\/\/concertacaoamazonia.com.br\/en\/wp-json\/wp\/v2\/categories?post=57202"},{"taxonomy":"post_tag","embeddable":true,"href":"https:\/\/concertacaoamazonia.com.br\/en\/wp-json\/wp\/v2\/tags?post=57202"},{"taxonomy":"veiculo","embeddable":true,"href":"https:\/\/concertacaoamazonia.com.br\/en\/wp-json\/wp\/v2\/veiculo?post=57202"},{"taxonomy":"ano","embeddable":true,"href":"https:\/\/concertacaoamazonia.com.br\/en\/wp-json\/wp\/v2\/ano?post=57202"},{"taxonomy":"eixos","embeddable":true,"href":"https:\/\/concertacaoamazonia.com.br\/en\/wp-json\/wp\/v2\/eixos?post=57202"}],"curies":[{"name":"wp","href":"https:\/\/api.w.org\/{rel}","templated":true}]}}