{"id":57188,"date":"2024-06-10T12:56:54","date_gmt":"2024-06-10T15:56:54","guid":{"rendered":"https:\/\/concertacaoamazonia.com.br\/?p=57188"},"modified":"2024-06-10T13:03:59","modified_gmt":"2024-06-10T16:03:59","slug":"combater-desafio-climatico-exige-protagonismo-dos-28-milhoes-de-habitantes-da-amazonia","status":"publish","type":"post","link":"https:\/\/concertacaoamazonia.com.br\/en\/2024\/06\/10\/combater-desafio-climatico-exige-protagonismo-dos-28-milhoes-de-habitantes-da-amazonia\/","title":{"rendered":"Combater desafio clim\u00e1tico exige protagonismo dos 28 milh\u00f5es de habitantes da Amaz\u00f4nia"},"content":{"rendered":"\n<p>Presen\u00e7a ind\u00edgena em diversos espa\u00e7os \u00e9 essencial \u00e0 conserva\u00e7\u00e3o ambiental e ao bem-viver das popula\u00e7\u00f5es<\/p>\n","protected":false},"excerpt":{"rendered":"<p>Presen\u00e7a ind\u00edgena em diversos espa\u00e7os \u00e9 essencial \u00e0 conserva\u00e7\u00e3o ambiental e ao bem-viver das popula\u00e7\u00f5es<\/p>\n","protected":false},"author":226,"featured_media":57189,"comment_status":"closed","ping_status":"closed","sticky":false,"template":"","format":"standard","meta":{"footnotes":""},"categories":[28],"tags":[],"veiculo":[1871],"ano":[2075],"eixos":[],"class_list":["post-57188","post","type-post","status-publish","format-standard","has-post-thumbnail","hentry","category-artigo-externo","veiculo-folha-de-sao-paulo-en-2"],"_links":{"self":[{"href":"https:\/\/concertacaoamazonia.com.br\/en\/wp-json\/wp\/v2\/posts\/57188","targetHints":{"allow":["GET"]}}],"collection":[{"href":"https:\/\/concertacaoamazonia.com.br\/en\/wp-json\/wp\/v2\/posts"}],"about":[{"href":"https:\/\/concertacaoamazonia.com.br\/en\/wp-json\/wp\/v2\/types\/post"}],"author":[{"embeddable":true,"href":"https:\/\/concertacaoamazonia.com.br\/en\/wp-json\/wp\/v2\/users\/226"}],"replies":[{"embeddable":true,"href":"https:\/\/concertacaoamazonia.com.br\/en\/wp-json\/wp\/v2\/comments?post=57188"}],"version-history":[{"count":0,"href":"https:\/\/concertacaoamazonia.com.br\/en\/wp-json\/wp\/v2\/posts\/57188\/revisions"}],"wp:featuredmedia":[{"embeddable":true,"href":"https:\/\/concertacaoamazonia.com.br\/en\/wp-json\/wp\/v2\/media\/57189"}],"wp:attachment":[{"href":"https:\/\/concertacaoamazonia.com.br\/en\/wp-json\/wp\/v2\/media?parent=57188"}],"wp:term":[{"taxonomy":"category","embeddable":true,"href":"https:\/\/concertacaoamazonia.com.br\/en\/wp-json\/wp\/v2\/categories?post=57188"},{"taxonomy":"post_tag","embeddable":true,"href":"https:\/\/concertacaoamazonia.com.br\/en\/wp-json\/wp\/v2\/tags?post=57188"},{"taxonomy":"veiculo","embeddable":true,"href":"https:\/\/concertacaoamazonia.com.br\/en\/wp-json\/wp\/v2\/veiculo?post=57188"},{"taxonomy":"ano","embeddable":true,"href":"https:\/\/concertacaoamazonia.com.br\/en\/wp-json\/wp\/v2\/ano?post=57188"},{"taxonomy":"eixos","embeddable":true,"href":"https:\/\/concertacaoamazonia.com.br\/en\/wp-json\/wp\/v2\/eixos?post=57188"}],"curies":[{"name":"wp","href":"https:\/\/api.w.org\/{rel}","templated":true}]}}