{"id":57163,"date":"2024-06-07T17:32:53","date_gmt":"2024-06-07T20:32:53","guid":{"rendered":"https:\/\/concertacaoamazonia.com.br\/?p=57163"},"modified":"2024-06-07T17:32:55","modified_gmt":"2024-06-07T20:32:55","slug":"preservacao-da-amazonia-passa-pelo-combate-ao-crime-organizado-diz-juan-manuel-santos","status":"publish","type":"post","link":"https:\/\/concertacaoamazonia.com.br\/en\/2024\/06\/07\/preservacao-da-amazonia-passa-pelo-combate-ao-crime-organizado-diz-juan-manuel-santos\/","title":{"rendered":"\u2018Preserva\u00e7\u00e3o da Amaz\u00f4nia passa pelo combate ao crime organizado\u2019, diz Juan Manuel Santos"},"content":{"rendered":"\n<p>Pol\u00edtico experiente, Juan Manuel Santos Calder\u00f3n d\u00e1 uma resposta amb\u00edgua sobre quem tem raz\u00e3o sobre a explora\u00e7\u00e3o de petr\u00f3leo na Amaz\u00f4nia, o presidente Luis In\u00e1cio Lula da Silva, que n\u00e3o nega o interesse em abrir novas frentes de produ\u00e7\u00e3o, ou o colombiano Gustavo Petro, que declarou que o pa\u00eds n\u00e3o entrar\u00e1 na Amaz\u00f4nia. \u201cAmbos t\u00eam raz\u00e3o e ambos n\u00e3o t\u00eam raz\u00e3o\u201d, diz. A curto prazo, pa\u00edses e petroleiras se beneficiam dos lucros da explora\u00e7\u00e3o. \u201cA longo prazo, o mundo inteiro perde\u201d, diz o ex-presidente colombiano.<\/p>\n","protected":false},"excerpt":{"rendered":"<p>Pol\u00edtico experiente, Juan Manuel Santos Calder\u00f3n d\u00e1 uma resposta amb\u00edgua sobre quem tem raz\u00e3o sobre a explora\u00e7\u00e3o de petr\u00f3leo na Amaz\u00f4nia, o presidente Luis In\u00e1cio Lula da Silva, que n\u00e3o nega o interesse em abrir novas frentes de produ\u00e7\u00e3o, ou o colombiano Gustavo Petro, que declarou que o pa\u00eds n\u00e3o entrar\u00e1 na Amaz\u00f4nia. \u201cAmbos t\u00eam raz\u00e3o e ambos n\u00e3o t\u00eam raz\u00e3o\u201d, diz. A curto prazo, pa\u00edses e petroleiras se beneficiam dos lucros da explora\u00e7\u00e3o. \u201cA longo prazo, o mundo inteiro perde\u201d, diz o ex-presidente colombiano.<\/p>\n","protected":false},"author":226,"featured_media":57164,"comment_status":"closed","ping_status":"closed","sticky":false,"template":"","format":"standard","meta":{"footnotes":""},"categories":[28],"tags":[],"veiculo":[1873],"ano":[2075],"eixos":[],"class_list":["post-57163","post","type-post","status-publish","format-standard","has-post-thumbnail","hentry","category-artigo-externo","veiculo-valor-economico-en-2"],"_links":{"self":[{"href":"https:\/\/concertacaoamazonia.com.br\/en\/wp-json\/wp\/v2\/posts\/57163","targetHints":{"allow":["GET"]}}],"collection":[{"href":"https:\/\/concertacaoamazonia.com.br\/en\/wp-json\/wp\/v2\/posts"}],"about":[{"href":"https:\/\/concertacaoamazonia.com.br\/en\/wp-json\/wp\/v2\/types\/post"}],"author":[{"embeddable":true,"href":"https:\/\/concertacaoamazonia.com.br\/en\/wp-json\/wp\/v2\/users\/226"}],"replies":[{"embeddable":true,"href":"https:\/\/concertacaoamazonia.com.br\/en\/wp-json\/wp\/v2\/comments?post=57163"}],"version-history":[{"count":0,"href":"https:\/\/concertacaoamazonia.com.br\/en\/wp-json\/wp\/v2\/posts\/57163\/revisions"}],"wp:featuredmedia":[{"embeddable":true,"href":"https:\/\/concertacaoamazonia.com.br\/en\/wp-json\/wp\/v2\/media\/57164"}],"wp:attachment":[{"href":"https:\/\/concertacaoamazonia.com.br\/en\/wp-json\/wp\/v2\/media?parent=57163"}],"wp:term":[{"taxonomy":"category","embeddable":true,"href":"https:\/\/concertacaoamazonia.com.br\/en\/wp-json\/wp\/v2\/categories?post=57163"},{"taxonomy":"post_tag","embeddable":true,"href":"https:\/\/concertacaoamazonia.com.br\/en\/wp-json\/wp\/v2\/tags?post=57163"},{"taxonomy":"veiculo","embeddable":true,"href":"https:\/\/concertacaoamazonia.com.br\/en\/wp-json\/wp\/v2\/veiculo?post=57163"},{"taxonomy":"ano","embeddable":true,"href":"https:\/\/concertacaoamazonia.com.br\/en\/wp-json\/wp\/v2\/ano?post=57163"},{"taxonomy":"eixos","embeddable":true,"href":"https:\/\/concertacaoamazonia.com.br\/en\/wp-json\/wp\/v2\/eixos?post=57163"}],"curies":[{"name":"wp","href":"https:\/\/api.w.org\/{rel}","templated":true}]}}