{"id":57159,"date":"2024-06-07T17:29:52","date_gmt":"2024-06-07T20:29:52","guid":{"rendered":"https:\/\/concertacaoamazonia.com.br\/?p=57159"},"modified":"2024-06-07T17:29:54","modified_gmt":"2024-06-07T20:29:54","slug":"celia-xakriaba-destaca-que-observatorio-de-florestas-pode-subsidiar-politicas-publicas","status":"publish","type":"post","link":"https:\/\/concertacaoamazonia.com.br\/en\/2024\/06\/07\/celia-xakriaba-destaca-que-observatorio-de-florestas-pode-subsidiar-politicas-publicas\/","title":{"rendered":"C\u00e9lia Xakriab\u00e1 destaca que observat\u00f3rio de florestas pode subsidiar pol\u00edticas p\u00fablicas"},"content":{"rendered":"\n<p>Est\u00e1 sendo lan\u00e7ado, em uma audi\u00eancia p\u00fablica da Comiss\u00e3o da Amaz\u00f4nia da C\u00e2mara, o Observat\u00f3rio de Florestas P\u00fablicas. \u00c9 uma plataforma onde ser\u00e3o depositados dados atualizados sobre v\u00e1rios tipos de \u00e1reas de florestas da Uni\u00e3o.<\/p>\n","protected":false},"excerpt":{"rendered":"<p>Est\u00e1 sendo lan\u00e7ado, em uma audi\u00eancia p\u00fablica da Comiss\u00e3o da Amaz\u00f4nia da C\u00e2mara, o Observat\u00f3rio de Florestas P\u00fablicas. \u00c9 uma plataforma onde ser\u00e3o depositados dados atualizados sobre v\u00e1rios tipos de \u00e1reas de florestas da Uni\u00e3o.<\/p>\n","protected":false},"author":226,"featured_media":57160,"comment_status":"closed","ping_status":"closed","sticky":false,"template":"","format":"standard","meta":{"footnotes":""},"categories":[28],"tags":[],"veiculo":[2129],"ano":[2075],"eixos":[],"class_list":["post-57159","post","type-post","status-publish","format-standard","has-post-thumbnail","hentry","category-artigo-externo","veiculo-camara-dos-deputados"],"_links":{"self":[{"href":"https:\/\/concertacaoamazonia.com.br\/en\/wp-json\/wp\/v2\/posts\/57159","targetHints":{"allow":["GET"]}}],"collection":[{"href":"https:\/\/concertacaoamazonia.com.br\/en\/wp-json\/wp\/v2\/posts"}],"about":[{"href":"https:\/\/concertacaoamazonia.com.br\/en\/wp-json\/wp\/v2\/types\/post"}],"author":[{"embeddable":true,"href":"https:\/\/concertacaoamazonia.com.br\/en\/wp-json\/wp\/v2\/users\/226"}],"replies":[{"embeddable":true,"href":"https:\/\/concertacaoamazonia.com.br\/en\/wp-json\/wp\/v2\/comments?post=57159"}],"version-history":[{"count":0,"href":"https:\/\/concertacaoamazonia.com.br\/en\/wp-json\/wp\/v2\/posts\/57159\/revisions"}],"wp:featuredmedia":[{"embeddable":true,"href":"https:\/\/concertacaoamazonia.com.br\/en\/wp-json\/wp\/v2\/media\/57160"}],"wp:attachment":[{"href":"https:\/\/concertacaoamazonia.com.br\/en\/wp-json\/wp\/v2\/media?parent=57159"}],"wp:term":[{"taxonomy":"category","embeddable":true,"href":"https:\/\/concertacaoamazonia.com.br\/en\/wp-json\/wp\/v2\/categories?post=57159"},{"taxonomy":"post_tag","embeddable":true,"href":"https:\/\/concertacaoamazonia.com.br\/en\/wp-json\/wp\/v2\/tags?post=57159"},{"taxonomy":"veiculo","embeddable":true,"href":"https:\/\/concertacaoamazonia.com.br\/en\/wp-json\/wp\/v2\/veiculo?post=57159"},{"taxonomy":"ano","embeddable":true,"href":"https:\/\/concertacaoamazonia.com.br\/en\/wp-json\/wp\/v2\/ano?post=57159"},{"taxonomy":"eixos","embeddable":true,"href":"https:\/\/concertacaoamazonia.com.br\/en\/wp-json\/wp\/v2\/eixos?post=57159"}],"curies":[{"name":"wp","href":"https:\/\/api.w.org\/{rel}","templated":true}]}}