{"id":57155,"date":"2024-06-07T17:24:35","date_gmt":"2024-06-07T20:24:35","guid":{"rendered":"https:\/\/concertacaoamazonia.com.br\/?p=57155"},"modified":"2024-06-07T17:24:37","modified_gmt":"2024-06-07T20:24:37","slug":"61-das-florestas-publicas-ainda-nao-destinadas-na-amazonia-estao-registradas-como-privadas","status":"publish","type":"post","link":"https:\/\/concertacaoamazonia.com.br\/en\/2024\/06\/07\/61-das-florestas-publicas-ainda-nao-destinadas-na-amazonia-estao-registradas-como-privadas\/","title":{"rendered":"61% das Florestas P\u00fablicas ainda n\u00e3o destinadas na Amaz\u00f4nia est\u00e3o registradas como privadas"},"content":{"rendered":"\n<p>Observat\u00f3rio das Florestas P\u00fablicas possibilita monitoramento do status das \u00e1reas ainda sem aloca\u00e7\u00e3o espec\u00edfica. Governo publica norma sobre assunto<\/p>\n","protected":false},"excerpt":{"rendered":"<p>Observat\u00f3rio das Florestas P\u00fablicas possibilita monitoramento do status das \u00e1reas ainda sem aloca\u00e7\u00e3o espec\u00edfica. Governo publica norma sobre assunto<\/p>\n","protected":false},"author":226,"featured_media":57156,"comment_status":"closed","ping_status":"closed","sticky":false,"template":"","format":"standard","meta":{"footnotes":""},"categories":[28],"tags":[],"veiculo":[2047],"ano":[2075],"eixos":[],"class_list":["post-57155","post","type-post","status-publish","format-standard","has-post-thumbnail","hentry","category-artigo-externo","veiculo-o-eco"],"_links":{"self":[{"href":"https:\/\/concertacaoamazonia.com.br\/en\/wp-json\/wp\/v2\/posts\/57155","targetHints":{"allow":["GET"]}}],"collection":[{"href":"https:\/\/concertacaoamazonia.com.br\/en\/wp-json\/wp\/v2\/posts"}],"about":[{"href":"https:\/\/concertacaoamazonia.com.br\/en\/wp-json\/wp\/v2\/types\/post"}],"author":[{"embeddable":true,"href":"https:\/\/concertacaoamazonia.com.br\/en\/wp-json\/wp\/v2\/users\/226"}],"replies":[{"embeddable":true,"href":"https:\/\/concertacaoamazonia.com.br\/en\/wp-json\/wp\/v2\/comments?post=57155"}],"version-history":[{"count":0,"href":"https:\/\/concertacaoamazonia.com.br\/en\/wp-json\/wp\/v2\/posts\/57155\/revisions"}],"wp:featuredmedia":[{"embeddable":true,"href":"https:\/\/concertacaoamazonia.com.br\/en\/wp-json\/wp\/v2\/media\/57156"}],"wp:attachment":[{"href":"https:\/\/concertacaoamazonia.com.br\/en\/wp-json\/wp\/v2\/media?parent=57155"}],"wp:term":[{"taxonomy":"category","embeddable":true,"href":"https:\/\/concertacaoamazonia.com.br\/en\/wp-json\/wp\/v2\/categories?post=57155"},{"taxonomy":"post_tag","embeddable":true,"href":"https:\/\/concertacaoamazonia.com.br\/en\/wp-json\/wp\/v2\/tags?post=57155"},{"taxonomy":"veiculo","embeddable":true,"href":"https:\/\/concertacaoamazonia.com.br\/en\/wp-json\/wp\/v2\/veiculo?post=57155"},{"taxonomy":"ano","embeddable":true,"href":"https:\/\/concertacaoamazonia.com.br\/en\/wp-json\/wp\/v2\/ano?post=57155"},{"taxonomy":"eixos","embeddable":true,"href":"https:\/\/concertacaoamazonia.com.br\/en\/wp-json\/wp\/v2\/eixos?post=57155"}],"curies":[{"name":"wp","href":"https:\/\/api.w.org\/{rel}","templated":true}]}}