{"id":57151,"date":"2024-06-07T17:22:19","date_gmt":"2024-06-07T20:22:19","guid":{"rendered":"https:\/\/concertacaoamazonia.com.br\/?p=57151"},"modified":"2024-06-07T17:22:21","modified_gmt":"2024-06-07T20:22:21","slug":"barroso-e-moraes-fazem-passeio-virtual-pela-amazonia-em-acao-sobre-preservacao-ambiental","status":"publish","type":"post","link":"https:\/\/concertacaoamazonia.com.br\/en\/2024\/06\/07\/barroso-e-moraes-fazem-passeio-virtual-pela-amazonia-em-acao-sobre-preservacao-ambiental\/","title":{"rendered":"Barroso e Moraes fazem \u201cpasseio\u201d virtual pela Amaz\u00f4nia em a\u00e7\u00e3o sobre preserva\u00e7\u00e3o ambiental"},"content":{"rendered":"\n<p>Experi\u00eancia imersiva com \u00f3culos 3D \u00e9 parte de iniciativa da ONU no Dia Mundial do Meio Ambiente<\/p>\n","protected":false},"excerpt":{"rendered":"<p>Experi\u00eancia imersiva com \u00f3culos 3D \u00e9 parte de iniciativa da ONU no Dia Mundial do Meio Ambiente<\/p>\n","protected":false},"author":226,"featured_media":57152,"comment_status":"closed","ping_status":"closed","sticky":false,"template":"","format":"standard","meta":{"footnotes":""},"categories":[28],"tags":[],"veiculo":[1462],"ano":[2075],"eixos":[],"class_list":["post-57151","post","type-post","status-publish","format-standard","has-post-thumbnail","hentry","category-artigo-externo","veiculo-cnn-brasil"],"_links":{"self":[{"href":"https:\/\/concertacaoamazonia.com.br\/en\/wp-json\/wp\/v2\/posts\/57151","targetHints":{"allow":["GET"]}}],"collection":[{"href":"https:\/\/concertacaoamazonia.com.br\/en\/wp-json\/wp\/v2\/posts"}],"about":[{"href":"https:\/\/concertacaoamazonia.com.br\/en\/wp-json\/wp\/v2\/types\/post"}],"author":[{"embeddable":true,"href":"https:\/\/concertacaoamazonia.com.br\/en\/wp-json\/wp\/v2\/users\/226"}],"replies":[{"embeddable":true,"href":"https:\/\/concertacaoamazonia.com.br\/en\/wp-json\/wp\/v2\/comments?post=57151"}],"version-history":[{"count":0,"href":"https:\/\/concertacaoamazonia.com.br\/en\/wp-json\/wp\/v2\/posts\/57151\/revisions"}],"wp:featuredmedia":[{"embeddable":true,"href":"https:\/\/concertacaoamazonia.com.br\/en\/wp-json\/wp\/v2\/media\/57152"}],"wp:attachment":[{"href":"https:\/\/concertacaoamazonia.com.br\/en\/wp-json\/wp\/v2\/media?parent=57151"}],"wp:term":[{"taxonomy":"category","embeddable":true,"href":"https:\/\/concertacaoamazonia.com.br\/en\/wp-json\/wp\/v2\/categories?post=57151"},{"taxonomy":"post_tag","embeddable":true,"href":"https:\/\/concertacaoamazonia.com.br\/en\/wp-json\/wp\/v2\/tags?post=57151"},{"taxonomy":"veiculo","embeddable":true,"href":"https:\/\/concertacaoamazonia.com.br\/en\/wp-json\/wp\/v2\/veiculo?post=57151"},{"taxonomy":"ano","embeddable":true,"href":"https:\/\/concertacaoamazonia.com.br\/en\/wp-json\/wp\/v2\/ano?post=57151"},{"taxonomy":"eixos","embeddable":true,"href":"https:\/\/concertacaoamazonia.com.br\/en\/wp-json\/wp\/v2\/eixos?post=57151"}],"curies":[{"name":"wp","href":"https:\/\/api.w.org\/{rel}","templated":true}]}}