{"id":57087,"date":"2024-06-07T13:27:00","date_gmt":"2024-06-07T16:27:00","guid":{"rendered":"https:\/\/concertacaoamazonia.com.br\/?p=57087"},"modified":"2024-06-07T13:27:02","modified_gmt":"2024-06-07T16:27:02","slug":"grupo-propoe-ao-g20-troca-de-credito-por-acao-climatica","status":"publish","type":"post","link":"https:\/\/concertacaoamazonia.com.br\/en\/2024\/06\/07\/grupo-propoe-ao-g20-troca-de-credito-por-acao-climatica\/","title":{"rendered":"Grupo prop\u00f5e ao G20 troca de cr\u00e9dito por a\u00e7\u00e3o clim\u00e1tica"},"content":{"rendered":"\n<p>O acesso a financiamentos para a a\u00e7\u00e3o clim\u00e1tica em pa\u00edses do Sul Global e o al\u00edvio da d\u00edvida dos pa\u00edses menos desenvolvidos est\u00e3o entre as recomenda\u00e7\u00f5es do Foundations 20 para a agenda das maiores economias do mundo. A plataforma conecta a filantropia \u00e0s discuss\u00f5es do G20 &#8211; neste ano, junto com o Instituto Clima e Sociedade (iCS), que coordena os debates em meio \u00e0 presid\u00eancia do Brasil no grupo.<\/p>\n","protected":false},"excerpt":{"rendered":"<p>O acesso a financiamentos para a a\u00e7\u00e3o clim\u00e1tica em pa\u00edses do Sul Global e o al\u00edvio da d\u00edvida dos pa\u00edses menos desenvolvidos est\u00e3o entre as recomenda\u00e7\u00f5es do Foundations 20 para a agenda das maiores economias do mundo. A plataforma conecta a filantropia \u00e0s discuss\u00f5es do G20 &#8211; neste ano, junto com o Instituto Clima e Sociedade (iCS), que coordena os debates em meio \u00e0 presid\u00eancia do Brasil no grupo.<\/p>\n","protected":false},"author":226,"featured_media":57088,"comment_status":"closed","ping_status":"closed","sticky":false,"template":"","format":"standard","meta":{"footnotes":""},"categories":[28],"tags":[],"veiculo":[1873],"ano":[2075],"eixos":[],"class_list":["post-57087","post","type-post","status-publish","format-standard","has-post-thumbnail","hentry","category-artigo-externo","veiculo-valor-economico-en-2"],"_links":{"self":[{"href":"https:\/\/concertacaoamazonia.com.br\/en\/wp-json\/wp\/v2\/posts\/57087","targetHints":{"allow":["GET"]}}],"collection":[{"href":"https:\/\/concertacaoamazonia.com.br\/en\/wp-json\/wp\/v2\/posts"}],"about":[{"href":"https:\/\/concertacaoamazonia.com.br\/en\/wp-json\/wp\/v2\/types\/post"}],"author":[{"embeddable":true,"href":"https:\/\/concertacaoamazonia.com.br\/en\/wp-json\/wp\/v2\/users\/226"}],"replies":[{"embeddable":true,"href":"https:\/\/concertacaoamazonia.com.br\/en\/wp-json\/wp\/v2\/comments?post=57087"}],"version-history":[{"count":0,"href":"https:\/\/concertacaoamazonia.com.br\/en\/wp-json\/wp\/v2\/posts\/57087\/revisions"}],"wp:featuredmedia":[{"embeddable":true,"href":"https:\/\/concertacaoamazonia.com.br\/en\/wp-json\/wp\/v2\/media\/57088"}],"wp:attachment":[{"href":"https:\/\/concertacaoamazonia.com.br\/en\/wp-json\/wp\/v2\/media?parent=57087"}],"wp:term":[{"taxonomy":"category","embeddable":true,"href":"https:\/\/concertacaoamazonia.com.br\/en\/wp-json\/wp\/v2\/categories?post=57087"},{"taxonomy":"post_tag","embeddable":true,"href":"https:\/\/concertacaoamazonia.com.br\/en\/wp-json\/wp\/v2\/tags?post=57087"},{"taxonomy":"veiculo","embeddable":true,"href":"https:\/\/concertacaoamazonia.com.br\/en\/wp-json\/wp\/v2\/veiculo?post=57087"},{"taxonomy":"ano","embeddable":true,"href":"https:\/\/concertacaoamazonia.com.br\/en\/wp-json\/wp\/v2\/ano?post=57087"},{"taxonomy":"eixos","embeddable":true,"href":"https:\/\/concertacaoamazonia.com.br\/en\/wp-json\/wp\/v2\/eixos?post=57087"}],"curies":[{"name":"wp","href":"https:\/\/api.w.org\/{rel}","templated":true}]}}