{"id":57025,"date":"2024-06-05T17:46:36","date_gmt":"2024-06-05T20:46:36","guid":{"rendered":"https:\/\/concertacaoamazonia.com.br\/?p=57025"},"modified":"2024-06-05T17:46:37","modified_gmt":"2024-06-05T20:46:37","slug":"paises-nao-estao-alinhados-com-meta-de-triplicar-renovaveis-ate-2030-diz-agencia-global","status":"publish","type":"post","link":"https:\/\/concertacaoamazonia.com.br\/en\/2024\/06\/05\/paises-nao-estao-alinhados-com-meta-de-triplicar-renovaveis-ate-2030-diz-agencia-global\/","title":{"rendered":"Pa\u00edses n\u00e3o est\u00e3o alinhados com meta de triplicar renov\u00e1veis at\u00e9 2030, diz ag\u00eancia global"},"content":{"rendered":"\n<p>Os planos clim\u00e1ticos dos pa\u00edses ainda n\u00e3o est\u00e3o alinhados com a meta de triplicar a capacidade de energia renov\u00e1vel em todo o mundo at\u00e9 2030, afirma a AIE (Ag\u00eancia Internacional de Energia). A ag\u00eancia \u00e9 uma das maiores autoridades em pesquisa energ\u00e9tica do mundo.<\/p>\n","protected":false},"excerpt":{"rendered":"<p>Os planos clim\u00e1ticos dos pa\u00edses ainda n\u00e3o est\u00e3o alinhados com a meta de triplicar a capacidade de energia renov\u00e1vel em todo o mundo at\u00e9 2030, afirma a AIE (Ag\u00eancia Internacional de Energia). A ag\u00eancia \u00e9 uma das maiores autoridades em pesquisa energ\u00e9tica do mundo.<\/p>\n","protected":false},"author":226,"featured_media":57026,"comment_status":"closed","ping_status":"closed","sticky":false,"template":"","format":"standard","meta":{"footnotes":""},"categories":[1],"tags":[],"veiculo":[1871],"ano":[2075],"eixos":[],"class_list":["post-57025","post","type-post","status-publish","format-standard","has-post-thumbnail","hentry","category-nao-categorizado","veiculo-folha-de-sao-paulo-en-2"],"_links":{"self":[{"href":"https:\/\/concertacaoamazonia.com.br\/en\/wp-json\/wp\/v2\/posts\/57025","targetHints":{"allow":["GET"]}}],"collection":[{"href":"https:\/\/concertacaoamazonia.com.br\/en\/wp-json\/wp\/v2\/posts"}],"about":[{"href":"https:\/\/concertacaoamazonia.com.br\/en\/wp-json\/wp\/v2\/types\/post"}],"author":[{"embeddable":true,"href":"https:\/\/concertacaoamazonia.com.br\/en\/wp-json\/wp\/v2\/users\/226"}],"replies":[{"embeddable":true,"href":"https:\/\/concertacaoamazonia.com.br\/en\/wp-json\/wp\/v2\/comments?post=57025"}],"version-history":[{"count":0,"href":"https:\/\/concertacaoamazonia.com.br\/en\/wp-json\/wp\/v2\/posts\/57025\/revisions"}],"wp:featuredmedia":[{"embeddable":true,"href":"https:\/\/concertacaoamazonia.com.br\/en\/wp-json\/wp\/v2\/media\/57026"}],"wp:attachment":[{"href":"https:\/\/concertacaoamazonia.com.br\/en\/wp-json\/wp\/v2\/media?parent=57025"}],"wp:term":[{"taxonomy":"category","embeddable":true,"href":"https:\/\/concertacaoamazonia.com.br\/en\/wp-json\/wp\/v2\/categories?post=57025"},{"taxonomy":"post_tag","embeddable":true,"href":"https:\/\/concertacaoamazonia.com.br\/en\/wp-json\/wp\/v2\/tags?post=57025"},{"taxonomy":"veiculo","embeddable":true,"href":"https:\/\/concertacaoamazonia.com.br\/en\/wp-json\/wp\/v2\/veiculo?post=57025"},{"taxonomy":"ano","embeddable":true,"href":"https:\/\/concertacaoamazonia.com.br\/en\/wp-json\/wp\/v2\/ano?post=57025"},{"taxonomy":"eixos","embeddable":true,"href":"https:\/\/concertacaoamazonia.com.br\/en\/wp-json\/wp\/v2\/eixos?post=57025"}],"curies":[{"name":"wp","href":"https:\/\/api.w.org\/{rel}","templated":true}]}}