{"id":57007,"date":"2024-06-04T11:27:29","date_gmt":"2024-06-04T14:27:29","guid":{"rendered":"https:\/\/concertacaoamazonia.com.br\/?p=57007"},"modified":"2024-06-04T11:27:31","modified_gmt":"2024-06-04T14:27:31","slug":"os-movimentos-da-china-para-reduzir-o-desmate-da-amazonia","status":"publish","type":"post","link":"https:\/\/concertacaoamazonia.com.br\/en\/2024\/06\/04\/os-movimentos-da-china-para-reduzir-o-desmate-da-amazonia\/","title":{"rendered":"Os movimentos da China para reduzir o desmate da Amaz\u00f4nia"},"content":{"rendered":"\n<p>Gado e soja brasileiros alimentam o mercado chin\u00eas h\u00e1 anos. Setores foram os que mais desmataram o bioma. Agora, pa\u00eds asi\u00e1tico endurece crit\u00e9rios<\/p>\n","protected":false},"excerpt":{"rendered":"<p>Gado e soja brasileiros alimentam o mercado chin\u00eas h\u00e1 anos. Setores foram os que mais desmataram o bioma. Agora, pa\u00eds asi\u00e1tico endurece crit\u00e9rios<\/p>\n","protected":false},"author":226,"featured_media":57008,"comment_status":"closed","ping_status":"closed","sticky":false,"template":"","format":"standard","meta":{"footnotes":""},"categories":[28],"tags":[],"veiculo":[1855],"ano":[2075],"eixos":[],"class_list":["post-57007","post","type-post","status-publish","format-standard","has-post-thumbnail","hentry","category-artigo-externo","veiculo-nexo-jornal"],"_links":{"self":[{"href":"https:\/\/concertacaoamazonia.com.br\/en\/wp-json\/wp\/v2\/posts\/57007","targetHints":{"allow":["GET"]}}],"collection":[{"href":"https:\/\/concertacaoamazonia.com.br\/en\/wp-json\/wp\/v2\/posts"}],"about":[{"href":"https:\/\/concertacaoamazonia.com.br\/en\/wp-json\/wp\/v2\/types\/post"}],"author":[{"embeddable":true,"href":"https:\/\/concertacaoamazonia.com.br\/en\/wp-json\/wp\/v2\/users\/226"}],"replies":[{"embeddable":true,"href":"https:\/\/concertacaoamazonia.com.br\/en\/wp-json\/wp\/v2\/comments?post=57007"}],"version-history":[{"count":0,"href":"https:\/\/concertacaoamazonia.com.br\/en\/wp-json\/wp\/v2\/posts\/57007\/revisions"}],"wp:featuredmedia":[{"embeddable":true,"href":"https:\/\/concertacaoamazonia.com.br\/en\/wp-json\/wp\/v2\/media\/57008"}],"wp:attachment":[{"href":"https:\/\/concertacaoamazonia.com.br\/en\/wp-json\/wp\/v2\/media?parent=57007"}],"wp:term":[{"taxonomy":"category","embeddable":true,"href":"https:\/\/concertacaoamazonia.com.br\/en\/wp-json\/wp\/v2\/categories?post=57007"},{"taxonomy":"post_tag","embeddable":true,"href":"https:\/\/concertacaoamazonia.com.br\/en\/wp-json\/wp\/v2\/tags?post=57007"},{"taxonomy":"veiculo","embeddable":true,"href":"https:\/\/concertacaoamazonia.com.br\/en\/wp-json\/wp\/v2\/veiculo?post=57007"},{"taxonomy":"ano","embeddable":true,"href":"https:\/\/concertacaoamazonia.com.br\/en\/wp-json\/wp\/v2\/ano?post=57007"},{"taxonomy":"eixos","embeddable":true,"href":"https:\/\/concertacaoamazonia.com.br\/en\/wp-json\/wp\/v2\/eixos?post=57007"}],"curies":[{"name":"wp","href":"https:\/\/api.w.org\/{rel}","templated":true}]}}