{"id":56991,"date":"2024-06-04T11:18:29","date_gmt":"2024-06-04T14:18:29","guid":{"rendered":"https:\/\/concertacaoamazonia.com.br\/?p=56991"},"modified":"2024-06-04T11:18:32","modified_gmt":"2024-06-04T14:18:32","slug":"o-recado-de-beto-marubo-para-a-elite-intelectual-dos-eua","status":"publish","type":"post","link":"https:\/\/concertacaoamazonia.com.br\/en\/2024\/06\/04\/o-recado-de-beto-marubo-para-a-elite-intelectual-dos-eua\/","title":{"rendered":"O recado de Beto Marubo para a elite intelectual dos EUA"},"content":{"rendered":"\n<p>Na Universidade de Yale, o l\u00edder ind\u00edgena fez um apelo para preservar a floresta amaz\u00f4nica durante evento que marcou dois anos do assassinato de Bruno Pereira e Dom Phillips<\/p>\n","protected":false},"excerpt":{"rendered":"<p>Na Universidade de Yale, o l\u00edder ind\u00edgena fez um apelo para preservar a floresta amaz\u00f4nica durante evento que marcou dois anos do assassinato de Bruno Pereira e Dom Phillips<\/p>\n","protected":false},"author":226,"featured_media":56992,"comment_status":"closed","ping_status":"closed","sticky":false,"template":"","format":"standard","meta":{"footnotes":""},"categories":[28],"tags":[],"veiculo":[1869],"ano":[2075],"eixos":[],"class_list":["post-56991","post","type-post","status-publish","format-standard","has-post-thumbnail","hentry","category-artigo-externo","veiculo-carta-capital"],"_links":{"self":[{"href":"https:\/\/concertacaoamazonia.com.br\/en\/wp-json\/wp\/v2\/posts\/56991","targetHints":{"allow":["GET"]}}],"collection":[{"href":"https:\/\/concertacaoamazonia.com.br\/en\/wp-json\/wp\/v2\/posts"}],"about":[{"href":"https:\/\/concertacaoamazonia.com.br\/en\/wp-json\/wp\/v2\/types\/post"}],"author":[{"embeddable":true,"href":"https:\/\/concertacaoamazonia.com.br\/en\/wp-json\/wp\/v2\/users\/226"}],"replies":[{"embeddable":true,"href":"https:\/\/concertacaoamazonia.com.br\/en\/wp-json\/wp\/v2\/comments?post=56991"}],"version-history":[{"count":0,"href":"https:\/\/concertacaoamazonia.com.br\/en\/wp-json\/wp\/v2\/posts\/56991\/revisions"}],"wp:featuredmedia":[{"embeddable":true,"href":"https:\/\/concertacaoamazonia.com.br\/en\/wp-json\/wp\/v2\/media\/56992"}],"wp:attachment":[{"href":"https:\/\/concertacaoamazonia.com.br\/en\/wp-json\/wp\/v2\/media?parent=56991"}],"wp:term":[{"taxonomy":"category","embeddable":true,"href":"https:\/\/concertacaoamazonia.com.br\/en\/wp-json\/wp\/v2\/categories?post=56991"},{"taxonomy":"post_tag","embeddable":true,"href":"https:\/\/concertacaoamazonia.com.br\/en\/wp-json\/wp\/v2\/tags?post=56991"},{"taxonomy":"veiculo","embeddable":true,"href":"https:\/\/concertacaoamazonia.com.br\/en\/wp-json\/wp\/v2\/veiculo?post=56991"},{"taxonomy":"ano","embeddable":true,"href":"https:\/\/concertacaoamazonia.com.br\/en\/wp-json\/wp\/v2\/ano?post=56991"},{"taxonomy":"eixos","embeddable":true,"href":"https:\/\/concertacaoamazonia.com.br\/en\/wp-json\/wp\/v2\/eixos?post=56991"}],"curies":[{"name":"wp","href":"https:\/\/api.w.org\/{rel}","templated":true}]}}