{"id":56974,"date":"2024-06-03T14:09:01","date_gmt":"2024-06-03T17:09:01","guid":{"rendered":"https:\/\/concertacaoamazonia.com.br\/?p=56974"},"modified":"2024-06-03T14:09:03","modified_gmt":"2024-06-03T17:09:03","slug":"paises-ricos-cumprem-financiamento-climatico-de-us-100-bi-com-dois-anos-de-atraso-diz-ocde","status":"publish","type":"post","link":"https:\/\/concertacaoamazonia.com.br\/en\/2024\/06\/03\/paises-ricos-cumprem-financiamento-climatico-de-us-100-bi-com-dois-anos-de-atraso-diz-ocde\/","title":{"rendered":"Pa\u00edses ricos cumprem financiamento clim\u00e1tico de US$ 100 bi com dois anos de atraso, diz OCDE"},"content":{"rendered":"\n<p>Os pa\u00edses desenvolvidos finalmente cumpriram sua meta anual de entregar US$ 100 bilh\u00f5es em financiamento clim\u00e1tico para na\u00e7\u00f5es mais pobres em 2022, embora dois anos ap\u00f3s a meta inicialmente estabelecida de 2020, anunciou nesta quarta-feira a Organiza\u00e7\u00e3o para a Coopera\u00e7\u00e3o e Desenvolvimento Econ\u00f4mico (OCDE).<\/p>\n","protected":false},"excerpt":{"rendered":"<p>Os pa\u00edses desenvolvidos finalmente cumpriram sua meta anual de entregar US$ 100 bilh\u00f5es em financiamento clim\u00e1tico para na\u00e7\u00f5es mais pobres em 2022, embora dois anos ap\u00f3s a meta inicialmente estabelecida de 2020, anunciou nesta quarta-feira a Organiza\u00e7\u00e3o para a Coopera\u00e7\u00e3o e Desenvolvimento Econ\u00f4mico (OCDE).<\/p>\n","protected":false},"author":226,"featured_media":56975,"comment_status":"closed","ping_status":"closed","sticky":false,"template":"","format":"standard","meta":{"footnotes":""},"categories":[28],"tags":[],"veiculo":[1873],"ano":[2075],"eixos":[],"class_list":["post-56974","post","type-post","status-publish","format-standard","has-post-thumbnail","hentry","category-artigo-externo","veiculo-valor-economico-en-2"],"_links":{"self":[{"href":"https:\/\/concertacaoamazonia.com.br\/en\/wp-json\/wp\/v2\/posts\/56974","targetHints":{"allow":["GET"]}}],"collection":[{"href":"https:\/\/concertacaoamazonia.com.br\/en\/wp-json\/wp\/v2\/posts"}],"about":[{"href":"https:\/\/concertacaoamazonia.com.br\/en\/wp-json\/wp\/v2\/types\/post"}],"author":[{"embeddable":true,"href":"https:\/\/concertacaoamazonia.com.br\/en\/wp-json\/wp\/v2\/users\/226"}],"replies":[{"embeddable":true,"href":"https:\/\/concertacaoamazonia.com.br\/en\/wp-json\/wp\/v2\/comments?post=56974"}],"version-history":[{"count":0,"href":"https:\/\/concertacaoamazonia.com.br\/en\/wp-json\/wp\/v2\/posts\/56974\/revisions"}],"wp:featuredmedia":[{"embeddable":true,"href":"https:\/\/concertacaoamazonia.com.br\/en\/wp-json\/wp\/v2\/media\/56975"}],"wp:attachment":[{"href":"https:\/\/concertacaoamazonia.com.br\/en\/wp-json\/wp\/v2\/media?parent=56974"}],"wp:term":[{"taxonomy":"category","embeddable":true,"href":"https:\/\/concertacaoamazonia.com.br\/en\/wp-json\/wp\/v2\/categories?post=56974"},{"taxonomy":"post_tag","embeddable":true,"href":"https:\/\/concertacaoamazonia.com.br\/en\/wp-json\/wp\/v2\/tags?post=56974"},{"taxonomy":"veiculo","embeddable":true,"href":"https:\/\/concertacaoamazonia.com.br\/en\/wp-json\/wp\/v2\/veiculo?post=56974"},{"taxonomy":"ano","embeddable":true,"href":"https:\/\/concertacaoamazonia.com.br\/en\/wp-json\/wp\/v2\/ano?post=56974"},{"taxonomy":"eixos","embeddable":true,"href":"https:\/\/concertacaoamazonia.com.br\/en\/wp-json\/wp\/v2\/eixos?post=56974"}],"curies":[{"name":"wp","href":"https:\/\/api.w.org\/{rel}","templated":true}]}}