{"id":56919,"date":"2024-05-29T15:03:12","date_gmt":"2024-05-29T18:03:12","guid":{"rendered":"https:\/\/concertacaoamazonia.com.br\/?p=56919"},"modified":"2024-05-29T15:03:15","modified_gmt":"2024-05-29T18:03:15","slug":"reuniao-do-g20-propoe-edital-internacional-para-pesquisa-na-amazonia","status":"publish","type":"post","link":"https:\/\/concertacaoamazonia.com.br\/en\/2024\/05\/29\/reuniao-do-g20-propoe-edital-internacional-para-pesquisa-na-amazonia\/","title":{"rendered":"Reuni\u00e3o do G20 prop\u00f5e edital internacional para pesquisa na Amaz\u00f4nia"},"content":{"rendered":"\n<p>O grupo de trabalho de pesquisa e inova\u00e7\u00e3o do G20, que re\u00fane as maiores economias do planeta, aprovou na \u00faltima sexta-feira (24), em Recife (PE), uma proposta para cria\u00e7\u00e3o de um edital internacional de pesquisa sobre a Amaz\u00f4nia e as florestas tropicais.<\/p>\n","protected":false},"excerpt":{"rendered":"<p>O grupo de trabalho de pesquisa e inova\u00e7\u00e3o do G20, que re\u00fane as maiores economias do planeta, aprovou na \u00faltima sexta-feira (24), em Recife (PE), uma proposta para cria\u00e7\u00e3o de um edital internacional de pesquisa sobre a Amaz\u00f4nia e as florestas tropicais.<\/p>\n","protected":false},"author":226,"featured_media":56921,"comment_status":"closed","ping_status":"closed","sticky":false,"template":"","format":"standard","meta":{"footnotes":""},"categories":[28],"tags":[],"veiculo":[2114],"ano":[2075],"eixos":[],"class_list":["post-56919","post","type-post","status-publish","format-standard","has-post-thumbnail","hentry","category-artigo-externo","veiculo-bnc"],"_links":{"self":[{"href":"https:\/\/concertacaoamazonia.com.br\/en\/wp-json\/wp\/v2\/posts\/56919","targetHints":{"allow":["GET"]}}],"collection":[{"href":"https:\/\/concertacaoamazonia.com.br\/en\/wp-json\/wp\/v2\/posts"}],"about":[{"href":"https:\/\/concertacaoamazonia.com.br\/en\/wp-json\/wp\/v2\/types\/post"}],"author":[{"embeddable":true,"href":"https:\/\/concertacaoamazonia.com.br\/en\/wp-json\/wp\/v2\/users\/226"}],"replies":[{"embeddable":true,"href":"https:\/\/concertacaoamazonia.com.br\/en\/wp-json\/wp\/v2\/comments?post=56919"}],"version-history":[{"count":0,"href":"https:\/\/concertacaoamazonia.com.br\/en\/wp-json\/wp\/v2\/posts\/56919\/revisions"}],"wp:featuredmedia":[{"embeddable":true,"href":"https:\/\/concertacaoamazonia.com.br\/en\/wp-json\/wp\/v2\/media\/56921"}],"wp:attachment":[{"href":"https:\/\/concertacaoamazonia.com.br\/en\/wp-json\/wp\/v2\/media?parent=56919"}],"wp:term":[{"taxonomy":"category","embeddable":true,"href":"https:\/\/concertacaoamazonia.com.br\/en\/wp-json\/wp\/v2\/categories?post=56919"},{"taxonomy":"post_tag","embeddable":true,"href":"https:\/\/concertacaoamazonia.com.br\/en\/wp-json\/wp\/v2\/tags?post=56919"},{"taxonomy":"veiculo","embeddable":true,"href":"https:\/\/concertacaoamazonia.com.br\/en\/wp-json\/wp\/v2\/veiculo?post=56919"},{"taxonomy":"ano","embeddable":true,"href":"https:\/\/concertacaoamazonia.com.br\/en\/wp-json\/wp\/v2\/ano?post=56919"},{"taxonomy":"eixos","embeddable":true,"href":"https:\/\/concertacaoamazonia.com.br\/en\/wp-json\/wp\/v2\/eixos?post=56919"}],"curies":[{"name":"wp","href":"https:\/\/api.w.org\/{rel}","templated":true}]}}