{"id":56896,"date":"2024-05-28T12:16:25","date_gmt":"2024-05-28T15:16:25","guid":{"rendered":"https:\/\/concertacaoamazonia.com.br\/?p=56896"},"modified":"2024-05-28T12:16:28","modified_gmt":"2024-05-28T15:16:28","slug":"como-funciona-a-agrofloresta-usada-por-comunidades-da-amazonia-para-driblar-a-maior-seca-em-121-anos","status":"publish","type":"post","link":"https:\/\/concertacaoamazonia.com.br\/en\/2024\/05\/28\/como-funciona-a-agrofloresta-usada-por-comunidades-da-amazonia-para-driblar-a-maior-seca-em-121-anos\/","title":{"rendered":"Como funciona a agrofloresta usada por comunidades da Amaz\u00f4nia para driblar a maior seca em 121 anos"},"content":{"rendered":"\n<p>Sistema combina em uma mesma \u00e1rea o plantio de \u00e1rvores com cultivos agr\u00edcolas, pesca e explora\u00e7\u00e3o de esp\u00e9cies nativas<\/p>\n","protected":false},"excerpt":{"rendered":"<p>Sistema combina em uma mesma \u00e1rea o plantio de \u00e1rvores com cultivos agr\u00edcolas, pesca e explora\u00e7\u00e3o de esp\u00e9cies nativas<\/p>\n","protected":false},"author":226,"featured_media":56897,"comment_status":"closed","ping_status":"closed","sticky":false,"template":"","format":"standard","meta":{"footnotes":""},"categories":[28],"tags":[],"veiculo":[711],"ano":[2075],"eixos":[],"class_list":["post-56896","post","type-post","status-publish","format-standard","has-post-thumbnail","hentry","category-artigo-externo","veiculo-estadao"],"_links":{"self":[{"href":"https:\/\/concertacaoamazonia.com.br\/en\/wp-json\/wp\/v2\/posts\/56896","targetHints":{"allow":["GET"]}}],"collection":[{"href":"https:\/\/concertacaoamazonia.com.br\/en\/wp-json\/wp\/v2\/posts"}],"about":[{"href":"https:\/\/concertacaoamazonia.com.br\/en\/wp-json\/wp\/v2\/types\/post"}],"author":[{"embeddable":true,"href":"https:\/\/concertacaoamazonia.com.br\/en\/wp-json\/wp\/v2\/users\/226"}],"replies":[{"embeddable":true,"href":"https:\/\/concertacaoamazonia.com.br\/en\/wp-json\/wp\/v2\/comments?post=56896"}],"version-history":[{"count":0,"href":"https:\/\/concertacaoamazonia.com.br\/en\/wp-json\/wp\/v2\/posts\/56896\/revisions"}],"wp:featuredmedia":[{"embeddable":true,"href":"https:\/\/concertacaoamazonia.com.br\/en\/wp-json\/wp\/v2\/media\/56897"}],"wp:attachment":[{"href":"https:\/\/concertacaoamazonia.com.br\/en\/wp-json\/wp\/v2\/media?parent=56896"}],"wp:term":[{"taxonomy":"category","embeddable":true,"href":"https:\/\/concertacaoamazonia.com.br\/en\/wp-json\/wp\/v2\/categories?post=56896"},{"taxonomy":"post_tag","embeddable":true,"href":"https:\/\/concertacaoamazonia.com.br\/en\/wp-json\/wp\/v2\/tags?post=56896"},{"taxonomy":"veiculo","embeddable":true,"href":"https:\/\/concertacaoamazonia.com.br\/en\/wp-json\/wp\/v2\/veiculo?post=56896"},{"taxonomy":"ano","embeddable":true,"href":"https:\/\/concertacaoamazonia.com.br\/en\/wp-json\/wp\/v2\/ano?post=56896"},{"taxonomy":"eixos","embeddable":true,"href":"https:\/\/concertacaoamazonia.com.br\/en\/wp-json\/wp\/v2\/eixos?post=56896"}],"curies":[{"name":"wp","href":"https:\/\/api.w.org\/{rel}","templated":true}]}}