{"id":56892,"date":"2024-05-28T12:14:42","date_gmt":"2024-05-28T15:14:42","guid":{"rendered":"https:\/\/concertacaoamazonia.com.br\/?p=56892"},"modified":"2024-05-28T17:22:08","modified_gmt":"2024-05-28T20:22:08","slug":"com-risco-de-estiagem-severa-amazonas-recomenda-que-populacao-armazene-agua-potavel","status":"publish","type":"post","link":"https:\/\/concertacaoamazonia.com.br\/en\/2024\/05\/28\/com-risco-de-estiagem-severa-amazonas-recomenda-que-populacao-armazene-agua-potavel\/","title":{"rendered":"Com risco de estiagem severa, Amazonas recomenda que popula\u00e7\u00e3o armazene \u00e1gua pot\u00e1vel"},"content":{"rendered":"\n<p>A Defesa Civil do Amazonas emitiu um alerta afirmando que a estiagem deste ano pode ser t\u00e3o ou mais severa do que a registrada no ano passado. Em 2023, o estado enfrentou a seca mais intensa da hist\u00f3ria.<\/p>\n","protected":false},"excerpt":{"rendered":"<p>A Defesa Civil do Amazonas emitiu um alerta afirmando que a estiagem deste ano pode ser t\u00e3o ou mais severa do que a registrada no ano passado. Em 2023, o estado enfrentou a seca mais intensa da hist\u00f3ria.<\/p>\n","protected":false},"author":226,"featured_media":56893,"comment_status":"closed","ping_status":"closed","sticky":false,"template":"","format":"standard","meta":{"footnotes":""},"categories":[28],"tags":[],"veiculo":[1462],"ano":[2075],"eixos":[],"class_list":["post-56892","post","type-post","status-publish","format-standard","has-post-thumbnail","hentry","category-artigo-externo","veiculo-cnn-brasil"],"_links":{"self":[{"href":"https:\/\/concertacaoamazonia.com.br\/en\/wp-json\/wp\/v2\/posts\/56892","targetHints":{"allow":["GET"]}}],"collection":[{"href":"https:\/\/concertacaoamazonia.com.br\/en\/wp-json\/wp\/v2\/posts"}],"about":[{"href":"https:\/\/concertacaoamazonia.com.br\/en\/wp-json\/wp\/v2\/types\/post"}],"author":[{"embeddable":true,"href":"https:\/\/concertacaoamazonia.com.br\/en\/wp-json\/wp\/v2\/users\/226"}],"replies":[{"embeddable":true,"href":"https:\/\/concertacaoamazonia.com.br\/en\/wp-json\/wp\/v2\/comments?post=56892"}],"version-history":[{"count":0,"href":"https:\/\/concertacaoamazonia.com.br\/en\/wp-json\/wp\/v2\/posts\/56892\/revisions"}],"wp:featuredmedia":[{"embeddable":true,"href":"https:\/\/concertacaoamazonia.com.br\/en\/wp-json\/wp\/v2\/media\/56893"}],"wp:attachment":[{"href":"https:\/\/concertacaoamazonia.com.br\/en\/wp-json\/wp\/v2\/media?parent=56892"}],"wp:term":[{"taxonomy":"category","embeddable":true,"href":"https:\/\/concertacaoamazonia.com.br\/en\/wp-json\/wp\/v2\/categories?post=56892"},{"taxonomy":"post_tag","embeddable":true,"href":"https:\/\/concertacaoamazonia.com.br\/en\/wp-json\/wp\/v2\/tags?post=56892"},{"taxonomy":"veiculo","embeddable":true,"href":"https:\/\/concertacaoamazonia.com.br\/en\/wp-json\/wp\/v2\/veiculo?post=56892"},{"taxonomy":"ano","embeddable":true,"href":"https:\/\/concertacaoamazonia.com.br\/en\/wp-json\/wp\/v2\/ano?post=56892"},{"taxonomy":"eixos","embeddable":true,"href":"https:\/\/concertacaoamazonia.com.br\/en\/wp-json\/wp\/v2\/eixos?post=56892"}],"curies":[{"name":"wp","href":"https:\/\/api.w.org\/{rel}","templated":true}]}}