{"id":56794,"date":"2024-05-24T11:06:11","date_gmt":"2024-05-24T14:06:11","guid":{"rendered":"https:\/\/concertacaoamazonia.com.br\/?p=56794"},"modified":"2024-05-24T11:06:13","modified_gmt":"2024-05-24T14:06:13","slug":"bndes-anuncia-entidades-escolhidas-para-recuperar-floresta-amazonica","status":"publish","type":"post","link":"https:\/\/concertacaoamazonia.com.br\/en\/2024\/05\/24\/bndes-anuncia-entidades-escolhidas-para-recuperar-floresta-amazonica\/","title":{"rendered":"BNDES anuncia entidades escolhidas para recuperar floresta amaz\u00f4nica"},"content":{"rendered":"\n<p>Parceiras ter\u00e3o R$ 450 milh\u00f5es e v\u00e3o atuar em tr\u00eas macrorregi\u00f5es<\/p>\n","protected":false},"excerpt":{"rendered":"<p>Parceiras ter\u00e3o R$ 450 milh\u00f5es e v\u00e3o atuar em tr\u00eas macrorregi\u00f5es<\/p>\n","protected":false},"author":226,"featured_media":56795,"comment_status":"closed","ping_status":"closed","sticky":false,"template":"","format":"standard","meta":{"footnotes":""},"categories":[28],"tags":[],"veiculo":[1913],"ano":[2075],"eixos":[],"class_list":["post-56794","post","type-post","status-publish","format-standard","has-post-thumbnail","hentry","category-artigo-externo","veiculo-agencia-brasil"],"_links":{"self":[{"href":"https:\/\/concertacaoamazonia.com.br\/en\/wp-json\/wp\/v2\/posts\/56794","targetHints":{"allow":["GET"]}}],"collection":[{"href":"https:\/\/concertacaoamazonia.com.br\/en\/wp-json\/wp\/v2\/posts"}],"about":[{"href":"https:\/\/concertacaoamazonia.com.br\/en\/wp-json\/wp\/v2\/types\/post"}],"author":[{"embeddable":true,"href":"https:\/\/concertacaoamazonia.com.br\/en\/wp-json\/wp\/v2\/users\/226"}],"replies":[{"embeddable":true,"href":"https:\/\/concertacaoamazonia.com.br\/en\/wp-json\/wp\/v2\/comments?post=56794"}],"version-history":[{"count":0,"href":"https:\/\/concertacaoamazonia.com.br\/en\/wp-json\/wp\/v2\/posts\/56794\/revisions"}],"wp:featuredmedia":[{"embeddable":true,"href":"https:\/\/concertacaoamazonia.com.br\/en\/wp-json\/wp\/v2\/media\/56795"}],"wp:attachment":[{"href":"https:\/\/concertacaoamazonia.com.br\/en\/wp-json\/wp\/v2\/media?parent=56794"}],"wp:term":[{"taxonomy":"category","embeddable":true,"href":"https:\/\/concertacaoamazonia.com.br\/en\/wp-json\/wp\/v2\/categories?post=56794"},{"taxonomy":"post_tag","embeddable":true,"href":"https:\/\/concertacaoamazonia.com.br\/en\/wp-json\/wp\/v2\/tags?post=56794"},{"taxonomy":"veiculo","embeddable":true,"href":"https:\/\/concertacaoamazonia.com.br\/en\/wp-json\/wp\/v2\/veiculo?post=56794"},{"taxonomy":"ano","embeddable":true,"href":"https:\/\/concertacaoamazonia.com.br\/en\/wp-json\/wp\/v2\/ano?post=56794"},{"taxonomy":"eixos","embeddable":true,"href":"https:\/\/concertacaoamazonia.com.br\/en\/wp-json\/wp\/v2\/eixos?post=56794"}],"curies":[{"name":"wp","href":"https:\/\/api.w.org\/{rel}","templated":true}]}}