{"id":56759,"date":"2024-05-23T11:33:48","date_gmt":"2024-05-23T14:33:48","guid":{"rendered":"https:\/\/concertacaoamazonia.com.br\/?p=56759"},"modified":"2024-05-23T11:33:50","modified_gmt":"2024-05-23T14:33:50","slug":"pesquisadores-lancam-em-belem-instituto-para-combater-contaminacao-por-mercurio-na-amazonia","status":"publish","type":"post","link":"https:\/\/concertacaoamazonia.com.br\/en\/2024\/05\/23\/pesquisadores-lancam-em-belem-instituto-para-combater-contaminacao-por-mercurio-na-amazonia\/","title":{"rendered":"Pesquisadores lan\u00e7am, em Bel\u00e9m, instituto para combater contamina\u00e7\u00e3o por merc\u00fario na Amaz\u00f4nia"},"content":{"rendered":"\n<p>Iniciativa inclui institui\u00e7\u00f5es p\u00fablicas, incluindo universidades federais, em esfor\u00e7o para enfrentar &#8216;apag\u00e3o&#8217; de dados e desenvolver estrat\u00e9gias de enfrentamento.<\/p>\n","protected":false},"excerpt":{"rendered":"<p>Iniciativa inclui institui\u00e7\u00f5es p\u00fablicas, incluindo universidades federais, em esfor\u00e7o para enfrentar &#8216;apag\u00e3o&#8217; de dados e desenvolver estrat\u00e9gias de enfrentamento.<\/p>\n","protected":false},"author":226,"featured_media":56760,"comment_status":"closed","ping_status":"closed","sticky":false,"template":"","format":"standard","meta":{"footnotes":""},"categories":[28],"tags":[],"veiculo":[],"ano":[2075],"eixos":[],"class_list":["post-56759","post","type-post","status-publish","format-standard","has-post-thumbnail","hentry","category-artigo-externo"],"_links":{"self":[{"href":"https:\/\/concertacaoamazonia.com.br\/en\/wp-json\/wp\/v2\/posts\/56759","targetHints":{"allow":["GET"]}}],"collection":[{"href":"https:\/\/concertacaoamazonia.com.br\/en\/wp-json\/wp\/v2\/posts"}],"about":[{"href":"https:\/\/concertacaoamazonia.com.br\/en\/wp-json\/wp\/v2\/types\/post"}],"author":[{"embeddable":true,"href":"https:\/\/concertacaoamazonia.com.br\/en\/wp-json\/wp\/v2\/users\/226"}],"replies":[{"embeddable":true,"href":"https:\/\/concertacaoamazonia.com.br\/en\/wp-json\/wp\/v2\/comments?post=56759"}],"version-history":[{"count":0,"href":"https:\/\/concertacaoamazonia.com.br\/en\/wp-json\/wp\/v2\/posts\/56759\/revisions"}],"wp:featuredmedia":[{"embeddable":true,"href":"https:\/\/concertacaoamazonia.com.br\/en\/wp-json\/wp\/v2\/media\/56760"}],"wp:attachment":[{"href":"https:\/\/concertacaoamazonia.com.br\/en\/wp-json\/wp\/v2\/media?parent=56759"}],"wp:term":[{"taxonomy":"category","embeddable":true,"href":"https:\/\/concertacaoamazonia.com.br\/en\/wp-json\/wp\/v2\/categories?post=56759"},{"taxonomy":"post_tag","embeddable":true,"href":"https:\/\/concertacaoamazonia.com.br\/en\/wp-json\/wp\/v2\/tags?post=56759"},{"taxonomy":"veiculo","embeddable":true,"href":"https:\/\/concertacaoamazonia.com.br\/en\/wp-json\/wp\/v2\/veiculo?post=56759"},{"taxonomy":"ano","embeddable":true,"href":"https:\/\/concertacaoamazonia.com.br\/en\/wp-json\/wp\/v2\/ano?post=56759"},{"taxonomy":"eixos","embeddable":true,"href":"https:\/\/concertacaoamazonia.com.br\/en\/wp-json\/wp\/v2\/eixos?post=56759"}],"curies":[{"name":"wp","href":"https:\/\/api.w.org\/{rel}","templated":true}]}}