{"id":56719,"date":"2024-05-22T14:54:36","date_gmt":"2024-05-22T17:54:36","guid":{"rendered":"https:\/\/concertacaoamazonia.com.br\/?p=56719"},"modified":"2024-05-22T14:54:38","modified_gmt":"2024-05-22T17:54:38","slug":"criacao-de-novo-orgao-para-combate-a-crise-climatica-preocupa-servidores-ambientais","status":"publish","type":"post","link":"https:\/\/concertacaoamazonia.com.br\/en\/2024\/05\/22\/criacao-de-novo-orgao-para-combate-a-crise-climatica-preocupa-servidores-ambientais\/","title":{"rendered":"Cria\u00e7\u00e3o de novo \u00f3rg\u00e3o para combate \u00e0 crise clim\u00e1tica preocupa servidores ambientais"},"content":{"rendered":"\n<p>Possibilidade foi anunciada por Marina Silva no final de semana. Antes de criar novos \u00f3rg\u00e3os, servidores pedem do governo valoriza\u00e7\u00e3o da carreira ambiental<\/p>\n","protected":false},"excerpt":{"rendered":"<p>Possibilidade foi anunciada por Marina Silva no final de semana. Antes de criar novos \u00f3rg\u00e3os, servidores pedem do governo valoriza\u00e7\u00e3o da carreira ambiental<\/p>\n","protected":false},"author":226,"featured_media":56720,"comment_status":"closed","ping_status":"closed","sticky":false,"template":"","format":"standard","meta":{"footnotes":""},"categories":[28],"tags":[],"veiculo":[2047],"ano":[2075],"eixos":[],"class_list":["post-56719","post","type-post","status-publish","format-standard","has-post-thumbnail","hentry","category-artigo-externo","veiculo-o-eco"],"_links":{"self":[{"href":"https:\/\/concertacaoamazonia.com.br\/en\/wp-json\/wp\/v2\/posts\/56719","targetHints":{"allow":["GET"]}}],"collection":[{"href":"https:\/\/concertacaoamazonia.com.br\/en\/wp-json\/wp\/v2\/posts"}],"about":[{"href":"https:\/\/concertacaoamazonia.com.br\/en\/wp-json\/wp\/v2\/types\/post"}],"author":[{"embeddable":true,"href":"https:\/\/concertacaoamazonia.com.br\/en\/wp-json\/wp\/v2\/users\/226"}],"replies":[{"embeddable":true,"href":"https:\/\/concertacaoamazonia.com.br\/en\/wp-json\/wp\/v2\/comments?post=56719"}],"version-history":[{"count":0,"href":"https:\/\/concertacaoamazonia.com.br\/en\/wp-json\/wp\/v2\/posts\/56719\/revisions"}],"wp:featuredmedia":[{"embeddable":true,"href":"https:\/\/concertacaoamazonia.com.br\/en\/wp-json\/wp\/v2\/media\/56720"}],"wp:attachment":[{"href":"https:\/\/concertacaoamazonia.com.br\/en\/wp-json\/wp\/v2\/media?parent=56719"}],"wp:term":[{"taxonomy":"category","embeddable":true,"href":"https:\/\/concertacaoamazonia.com.br\/en\/wp-json\/wp\/v2\/categories?post=56719"},{"taxonomy":"post_tag","embeddable":true,"href":"https:\/\/concertacaoamazonia.com.br\/en\/wp-json\/wp\/v2\/tags?post=56719"},{"taxonomy":"veiculo","embeddable":true,"href":"https:\/\/concertacaoamazonia.com.br\/en\/wp-json\/wp\/v2\/veiculo?post=56719"},{"taxonomy":"ano","embeddable":true,"href":"https:\/\/concertacaoamazonia.com.br\/en\/wp-json\/wp\/v2\/ano?post=56719"},{"taxonomy":"eixos","embeddable":true,"href":"https:\/\/concertacaoamazonia.com.br\/en\/wp-json\/wp\/v2\/eixos?post=56719"}],"curies":[{"name":"wp","href":"https:\/\/api.w.org\/{rel}","templated":true}]}}