{"id":56688,"date":"2024-05-21T10:11:38","date_gmt":"2024-05-21T13:11:38","guid":{"rendered":"https:\/\/concertacaoamazonia.com.br\/?p=56688"},"modified":"2024-05-21T10:11:41","modified_gmt":"2024-05-21T13:11:41","slug":"para-e-amazonas-concentram-mais-startups-e-negocios-inovadores-aponta-mapeamento","status":"publish","type":"post","link":"https:\/\/concertacaoamazonia.com.br\/en\/2024\/05\/21\/para-e-amazonas-concentram-mais-startups-e-negocios-inovadores-aponta-mapeamento\/","title":{"rendered":"Par\u00e1 e Amazonas concentram mais startups e neg\u00f3cios inovadores, aponta mapeamento"},"content":{"rendered":"\n<p>\u200bComposta por\u00a0<strong>nove estados\u00a0<\/strong>brasileiros, a\u00a0<strong>Amaz\u00f4nia Legal\u00a0<\/strong>possui uma grande diversidade de\u00a0<strong>startups\u00a0<\/strong>e\u00a0<strong>neg\u00f3cios\u00a0<\/strong>que atuam com foco em\u00a0<strong>inova\u00e7\u00e3o<\/strong>. A fim de identificar\u00a0<em>insights\u00a0<\/em>relevantes sobre esse ecossistema, o\u00a0<strong>Observat\u00f3rio Sebrae Startups\u00a0<\/strong>analisou 646 empreendimentos j\u00e1 cadastrados na Plataforma Sebrae Startups e acaba de lan\u00e7ar o Mapeamento das Startups e Neg\u00f3cios Inovadores da Amaz\u00f4nia Legal.<\/p>\n","protected":false},"excerpt":{"rendered":"<p>\u200bComposta por\u00a0nove estados\u00a0brasileiros, a\u00a0Amaz\u00f4nia Legal\u00a0possui uma grande diversidade de\u00a0startups\u00a0e\u00a0neg\u00f3cios\u00a0que atuam com foco em\u00a0inova\u00e7\u00e3o. A fim de identificar\u00a0insights\u00a0relevantes sobre esse ecossistema, o\u00a0Observat\u00f3rio Sebrae Startups\u00a0analisou 646 empreendimentos j\u00e1 cadastrados na Plataforma Sebrae Startups e acaba de lan\u00e7ar o Mapeamento das Startups e Neg\u00f3cios Inovadores da Amaz\u00f4nia Legal.<\/p>\n","protected":false},"author":226,"featured_media":56689,"comment_status":"closed","ping_status":"closed","sticky":false,"template":"","format":"standard","meta":{"footnotes":""},"categories":[28],"tags":[],"veiculo":[],"ano":[2075],"eixos":[],"class_list":["post-56688","post","type-post","status-publish","format-standard","has-post-thumbnail","hentry","category-artigo-externo"],"_links":{"self":[{"href":"https:\/\/concertacaoamazonia.com.br\/en\/wp-json\/wp\/v2\/posts\/56688","targetHints":{"allow":["GET"]}}],"collection":[{"href":"https:\/\/concertacaoamazonia.com.br\/en\/wp-json\/wp\/v2\/posts"}],"about":[{"href":"https:\/\/concertacaoamazonia.com.br\/en\/wp-json\/wp\/v2\/types\/post"}],"author":[{"embeddable":true,"href":"https:\/\/concertacaoamazonia.com.br\/en\/wp-json\/wp\/v2\/users\/226"}],"replies":[{"embeddable":true,"href":"https:\/\/concertacaoamazonia.com.br\/en\/wp-json\/wp\/v2\/comments?post=56688"}],"version-history":[{"count":0,"href":"https:\/\/concertacaoamazonia.com.br\/en\/wp-json\/wp\/v2\/posts\/56688\/revisions"}],"wp:featuredmedia":[{"embeddable":true,"href":"https:\/\/concertacaoamazonia.com.br\/en\/wp-json\/wp\/v2\/media\/56689"}],"wp:attachment":[{"href":"https:\/\/concertacaoamazonia.com.br\/en\/wp-json\/wp\/v2\/media?parent=56688"}],"wp:term":[{"taxonomy":"category","embeddable":true,"href":"https:\/\/concertacaoamazonia.com.br\/en\/wp-json\/wp\/v2\/categories?post=56688"},{"taxonomy":"post_tag","embeddable":true,"href":"https:\/\/concertacaoamazonia.com.br\/en\/wp-json\/wp\/v2\/tags?post=56688"},{"taxonomy":"veiculo","embeddable":true,"href":"https:\/\/concertacaoamazonia.com.br\/en\/wp-json\/wp\/v2\/veiculo?post=56688"},{"taxonomy":"ano","embeddable":true,"href":"https:\/\/concertacaoamazonia.com.br\/en\/wp-json\/wp\/v2\/ano?post=56688"},{"taxonomy":"eixos","embeddable":true,"href":"https:\/\/concertacaoamazonia.com.br\/en\/wp-json\/wp\/v2\/eixos?post=56688"}],"curies":[{"name":"wp","href":"https:\/\/api.w.org\/{rel}","templated":true}]}}