{"id":56684,"date":"2024-05-21T10:08:38","date_gmt":"2024-05-21T13:08:38","guid":{"rendered":"https:\/\/concertacaoamazonia.com.br\/?p=56684"},"modified":"2024-05-21T10:08:58","modified_gmt":"2024-05-21T13:08:58","slug":"brasil-nao-e-bonzinho-na-emissao-de-gases-estufa-diz-ex-presidente-do-ibama","status":"publish","type":"post","link":"https:\/\/concertacaoamazonia.com.br\/en\/2024\/05\/21\/brasil-nao-e-bonzinho-na-emissao-de-gases-estufa-diz-ex-presidente-do-ibama\/","title":{"rendered":"\u2018Brasil n\u00e3o \u00e9 bonzinho na emiss\u00e3o de gases-estufa\u2019, diz ex-presidente do Ibama"},"content":{"rendered":"\n<p>Os desastres clim\u00e1ticos que afetam o Rio Grande do Sul s\u00e3o o efeito colateral de um conjunto de medidas de desmonte da legisla\u00e7\u00e3o ambiental brasileira, avalia a coordenadora de pol\u00edticas p\u00fablicas do Observat\u00f3rio do Clima (OC), Suely Ara\u00fajo, ex-presidente do Instituto Brasileiro do Meio Ambiente (Ibama), de 2016-2019.<\/p>\n","protected":false},"excerpt":{"rendered":"<p>Os desastres clim\u00e1ticos que afetam o Rio Grande do Sul s\u00e3o o efeito colateral de um conjunto de medidas de desmonte da legisla\u00e7\u00e3o ambiental brasileira, avalia a coordenadora de pol\u00edticas p\u00fablicas do Observat\u00f3rio do Clima (OC), Suely Ara\u00fajo, ex-presidente do Instituto Brasileiro do Meio Ambiente (Ibama), de 2016-2019.<\/p>\n","protected":false},"author":226,"featured_media":56685,"comment_status":"closed","ping_status":"closed","sticky":false,"template":"","format":"standard","meta":{"footnotes":""},"categories":[28],"tags":[],"veiculo":[1873],"ano":[2075],"eixos":[],"class_list":["post-56684","post","type-post","status-publish","format-standard","has-post-thumbnail","hentry","category-artigo-externo","veiculo-valor-economico-en-2"],"_links":{"self":[{"href":"https:\/\/concertacaoamazonia.com.br\/en\/wp-json\/wp\/v2\/posts\/56684","targetHints":{"allow":["GET"]}}],"collection":[{"href":"https:\/\/concertacaoamazonia.com.br\/en\/wp-json\/wp\/v2\/posts"}],"about":[{"href":"https:\/\/concertacaoamazonia.com.br\/en\/wp-json\/wp\/v2\/types\/post"}],"author":[{"embeddable":true,"href":"https:\/\/concertacaoamazonia.com.br\/en\/wp-json\/wp\/v2\/users\/226"}],"replies":[{"embeddable":true,"href":"https:\/\/concertacaoamazonia.com.br\/en\/wp-json\/wp\/v2\/comments?post=56684"}],"version-history":[{"count":0,"href":"https:\/\/concertacaoamazonia.com.br\/en\/wp-json\/wp\/v2\/posts\/56684\/revisions"}],"wp:featuredmedia":[{"embeddable":true,"href":"https:\/\/concertacaoamazonia.com.br\/en\/wp-json\/wp\/v2\/media\/56685"}],"wp:attachment":[{"href":"https:\/\/concertacaoamazonia.com.br\/en\/wp-json\/wp\/v2\/media?parent=56684"}],"wp:term":[{"taxonomy":"category","embeddable":true,"href":"https:\/\/concertacaoamazonia.com.br\/en\/wp-json\/wp\/v2\/categories?post=56684"},{"taxonomy":"post_tag","embeddable":true,"href":"https:\/\/concertacaoamazonia.com.br\/en\/wp-json\/wp\/v2\/tags?post=56684"},{"taxonomy":"veiculo","embeddable":true,"href":"https:\/\/concertacaoamazonia.com.br\/en\/wp-json\/wp\/v2\/veiculo?post=56684"},{"taxonomy":"ano","embeddable":true,"href":"https:\/\/concertacaoamazonia.com.br\/en\/wp-json\/wp\/v2\/ano?post=56684"},{"taxonomy":"eixos","embeddable":true,"href":"https:\/\/concertacaoamazonia.com.br\/en\/wp-json\/wp\/v2\/eixos?post=56684"}],"curies":[{"name":"wp","href":"https:\/\/api.w.org\/{rel}","templated":true}]}}