{"id":56672,"date":"2024-05-21T10:02:00","date_gmt":"2024-05-21T13:02:00","guid":{"rendered":"https:\/\/concertacaoamazonia.com.br\/?p=56672"},"modified":"2024-05-21T10:02:02","modified_gmt":"2024-05-21T13:02:02","slug":"agu-pede-ao-tj-que-anule-processo-de-extincao-do-parque-cristalino-ii","status":"publish","type":"post","link":"https:\/\/concertacaoamazonia.com.br\/en\/2024\/05\/21\/agu-pede-ao-tj-que-anule-processo-de-extincao-do-parque-cristalino-ii\/","title":{"rendered":"AGU pede ao TJ que anule processo de extin\u00e7\u00e3o do Parque Cristalino II"},"content":{"rendered":"\n<p>A Advocacia Geral da Uni\u00e3o requereu ao Tribunal de Justi\u00e7a de Mato Grosso, ingresso na a\u00e7\u00e3o que pede nulidade do decreto de cria\u00e7\u00e3o da unidade de conserva\u00e7\u00e3o estadual. E destaca principalmente, que a Sociedade Comercial e Agropecu\u00e1ria Tri\u00e2ngulo Ltda n\u00e3o tem legitimidade para pedir a extin\u00e7\u00e3o do parque.<\/p>\n","protected":false},"excerpt":{"rendered":"<p>A Advocacia Geral da Uni\u00e3o requereu ao Tribunal de Justi\u00e7a de Mato Grosso, ingresso na a\u00e7\u00e3o que pede nulidade do decreto de cria\u00e7\u00e3o da unidade de conserva\u00e7\u00e3o estadual. E destaca principalmente, que a Sociedade Comercial e Agropecu\u00e1ria Tri\u00e2ngulo Ltda n\u00e3o tem legitimidade para pedir a extin\u00e7\u00e3o do parque.<\/p>\n","protected":false},"author":226,"featured_media":56673,"comment_status":"closed","ping_status":"closed","sticky":false,"template":"","format":"standard","meta":{"footnotes":""},"categories":[28],"tags":[],"veiculo":[2113],"ano":[2075],"eixos":[],"class_list":["post-56672","post","type-post","status-publish","format-standard","has-post-thumbnail","hentry","category-artigo-externo","veiculo-estadao-mato-grosso"],"_links":{"self":[{"href":"https:\/\/concertacaoamazonia.com.br\/en\/wp-json\/wp\/v2\/posts\/56672","targetHints":{"allow":["GET"]}}],"collection":[{"href":"https:\/\/concertacaoamazonia.com.br\/en\/wp-json\/wp\/v2\/posts"}],"about":[{"href":"https:\/\/concertacaoamazonia.com.br\/en\/wp-json\/wp\/v2\/types\/post"}],"author":[{"embeddable":true,"href":"https:\/\/concertacaoamazonia.com.br\/en\/wp-json\/wp\/v2\/users\/226"}],"replies":[{"embeddable":true,"href":"https:\/\/concertacaoamazonia.com.br\/en\/wp-json\/wp\/v2\/comments?post=56672"}],"version-history":[{"count":0,"href":"https:\/\/concertacaoamazonia.com.br\/en\/wp-json\/wp\/v2\/posts\/56672\/revisions"}],"wp:featuredmedia":[{"embeddable":true,"href":"https:\/\/concertacaoamazonia.com.br\/en\/wp-json\/wp\/v2\/media\/56673"}],"wp:attachment":[{"href":"https:\/\/concertacaoamazonia.com.br\/en\/wp-json\/wp\/v2\/media?parent=56672"}],"wp:term":[{"taxonomy":"category","embeddable":true,"href":"https:\/\/concertacaoamazonia.com.br\/en\/wp-json\/wp\/v2\/categories?post=56672"},{"taxonomy":"post_tag","embeddable":true,"href":"https:\/\/concertacaoamazonia.com.br\/en\/wp-json\/wp\/v2\/tags?post=56672"},{"taxonomy":"veiculo","embeddable":true,"href":"https:\/\/concertacaoamazonia.com.br\/en\/wp-json\/wp\/v2\/veiculo?post=56672"},{"taxonomy":"ano","embeddable":true,"href":"https:\/\/concertacaoamazonia.com.br\/en\/wp-json\/wp\/v2\/ano?post=56672"},{"taxonomy":"eixos","embeddable":true,"href":"https:\/\/concertacaoamazonia.com.br\/en\/wp-json\/wp\/v2\/eixos?post=56672"}],"curies":[{"name":"wp","href":"https:\/\/api.w.org\/{rel}","templated":true}]}}