{"id":56668,"date":"2024-05-21T09:58:54","date_gmt":"2024-05-21T12:58:54","guid":{"rendered":"https:\/\/concertacaoamazonia.com.br\/?p=56668"},"modified":"2024-05-21T09:58:56","modified_gmt":"2024-05-21T12:58:56","slug":"projetos-de-concessoes-ambientais-avancam-e-somam-r-16-bi","status":"publish","type":"post","link":"https:\/\/concertacaoamazonia.com.br\/en\/2024\/05\/21\/projetos-de-concessoes-ambientais-avancam-e-somam-r-16-bi\/","title":{"rendered":"Projetos de concess\u00f5es ambientais avan\u00e7am e somam R$ 1,6 bi"},"content":{"rendered":"\n<p>O mercado de concess\u00f5es de parques naturais e unidades de conserva\u00e7\u00e3o tem avan\u00e7ado no Brasil e hoje re\u00fane ao menos 16 projetos em consulta p\u00fablica ou licita\u00e7\u00e3o, com potencial de R$ 1,6 bilh\u00e3o de investimentos, segundo levantamento da Radar PPP, feito a pedido do\u00a0<strong>Valor<\/strong>. O montante poder\u00e1 crescer de forma significativa, dado que novos projetos em contrata\u00e7\u00e3o pelo BNDES poder\u00e3o somar outros R$ 6,6 bilh\u00f5es, em 23 iniciativas.<\/p>\n","protected":false},"excerpt":{"rendered":"<p>O mercado de concess\u00f5es de parques naturais e unidades de conserva\u00e7\u00e3o tem avan\u00e7ado no Brasil e hoje re\u00fane ao menos 16 projetos em consulta p\u00fablica ou licita\u00e7\u00e3o, com potencial de R$ 1,6 bilh\u00e3o de investimentos, segundo levantamento da Radar PPP, feito a pedido do Valor. O montante poder\u00e1 crescer de forma significativa, dado que novos projetos em contrata\u00e7\u00e3o pelo BNDES poder\u00e3o somar outros R$ 6,6 bilh\u00f5es, em 23 iniciativas.<\/p>\n","protected":false},"author":226,"featured_media":56669,"comment_status":"closed","ping_status":"closed","sticky":false,"template":"","format":"standard","meta":{"footnotes":""},"categories":[28],"tags":[],"veiculo":[1873],"ano":[2075],"eixos":[],"class_list":["post-56668","post","type-post","status-publish","format-standard","has-post-thumbnail","hentry","category-artigo-externo","veiculo-valor-economico-en-2"],"_links":{"self":[{"href":"https:\/\/concertacaoamazonia.com.br\/en\/wp-json\/wp\/v2\/posts\/56668","targetHints":{"allow":["GET"]}}],"collection":[{"href":"https:\/\/concertacaoamazonia.com.br\/en\/wp-json\/wp\/v2\/posts"}],"about":[{"href":"https:\/\/concertacaoamazonia.com.br\/en\/wp-json\/wp\/v2\/types\/post"}],"author":[{"embeddable":true,"href":"https:\/\/concertacaoamazonia.com.br\/en\/wp-json\/wp\/v2\/users\/226"}],"replies":[{"embeddable":true,"href":"https:\/\/concertacaoamazonia.com.br\/en\/wp-json\/wp\/v2\/comments?post=56668"}],"version-history":[{"count":0,"href":"https:\/\/concertacaoamazonia.com.br\/en\/wp-json\/wp\/v2\/posts\/56668\/revisions"}],"wp:featuredmedia":[{"embeddable":true,"href":"https:\/\/concertacaoamazonia.com.br\/en\/wp-json\/wp\/v2\/media\/56669"}],"wp:attachment":[{"href":"https:\/\/concertacaoamazonia.com.br\/en\/wp-json\/wp\/v2\/media?parent=56668"}],"wp:term":[{"taxonomy":"category","embeddable":true,"href":"https:\/\/concertacaoamazonia.com.br\/en\/wp-json\/wp\/v2\/categories?post=56668"},{"taxonomy":"post_tag","embeddable":true,"href":"https:\/\/concertacaoamazonia.com.br\/en\/wp-json\/wp\/v2\/tags?post=56668"},{"taxonomy":"veiculo","embeddable":true,"href":"https:\/\/concertacaoamazonia.com.br\/en\/wp-json\/wp\/v2\/veiculo?post=56668"},{"taxonomy":"ano","embeddable":true,"href":"https:\/\/concertacaoamazonia.com.br\/en\/wp-json\/wp\/v2\/ano?post=56668"},{"taxonomy":"eixos","embeddable":true,"href":"https:\/\/concertacaoamazonia.com.br\/en\/wp-json\/wp\/v2\/eixos?post=56668"}],"curies":[{"name":"wp","href":"https:\/\/api.w.org\/{rel}","templated":true}]}}