{"id":56660,"date":"2024-05-21T09:53:57","date_gmt":"2024-05-21T12:53:57","guid":{"rendered":"https:\/\/concertacaoamazonia.com.br\/?p=56660"},"modified":"2024-05-21T09:53:58","modified_gmt":"2024-05-21T12:53:58","slug":"maioria-dos-municipios-nunca-recebeu-recursos-para-prevencao-de-eventos-climaticos-e-diz-estar-despreparada","status":"publish","type":"post","link":"https:\/\/concertacaoamazonia.com.br\/en\/2024\/05\/21\/maioria-dos-municipios-nunca-recebeu-recursos-para-prevencao-de-eventos-climaticos-e-diz-estar-despreparada\/","title":{"rendered":"Maioria dos munic\u00edpios nunca recebeu recursos para preven\u00e7\u00e3o de eventos clim\u00e1ticos e diz estar despreparada"},"content":{"rendered":"\n<p>A maioria dos munic\u00edpios nunca recebeu recursos financeiros para\u00a0<strong>preven\u00e7\u00e3o de eventos clim\u00e1ticos extremos,<\/strong>\u00a0como\u00a0<strong>secas, inunda\u00e7\u00f5es e deslizamento de encostas<\/strong>, e relata estar despreparada para lidar com o aumento dessas\u00a0<strong>calamidades,<\/strong>\u00a0segundo pesquisa da\u00a0<strong>Confedera\u00e7\u00e3o Nacional dos Munic\u00edpios (CNM).\u00a0<\/strong>O estudo foi divulgado em meio aos debates sobre as<strong>\u00a0enchentes no Rio Grande do Sul<\/strong>\u00a0e \u00e0 necessidade de reconstru\u00e7\u00e3o do Estado.<\/p>\n","protected":false},"excerpt":{"rendered":"<p>A maioria dos munic\u00edpios nunca recebeu recursos financeiros para preven\u00e7\u00e3o de eventos clim\u00e1ticos extremos, como secas, inunda\u00e7\u00f5es e deslizamento de encostas, e relata estar despreparada para lidar com o aumento dessas calamidades, segundo pesquisa da Confedera\u00e7\u00e3o Nacional dos Munic\u00edpios (CNM). O estudo foi divulgado em meio aos debates sobre as enchentes no Rio Grande do Sul e \u00e0 necessidade de reconstru\u00e7\u00e3o do Estado.<\/p>\n","protected":false},"author":226,"featured_media":56661,"comment_status":"closed","ping_status":"closed","sticky":false,"template":"","format":"standard","meta":{"footnotes":""},"categories":[28],"tags":[],"veiculo":[1873],"ano":[2075],"eixos":[],"class_list":["post-56660","post","type-post","status-publish","format-standard","has-post-thumbnail","hentry","category-artigo-externo","veiculo-valor-economico-en-2"],"_links":{"self":[{"href":"https:\/\/concertacaoamazonia.com.br\/en\/wp-json\/wp\/v2\/posts\/56660","targetHints":{"allow":["GET"]}}],"collection":[{"href":"https:\/\/concertacaoamazonia.com.br\/en\/wp-json\/wp\/v2\/posts"}],"about":[{"href":"https:\/\/concertacaoamazonia.com.br\/en\/wp-json\/wp\/v2\/types\/post"}],"author":[{"embeddable":true,"href":"https:\/\/concertacaoamazonia.com.br\/en\/wp-json\/wp\/v2\/users\/226"}],"replies":[{"embeddable":true,"href":"https:\/\/concertacaoamazonia.com.br\/en\/wp-json\/wp\/v2\/comments?post=56660"}],"version-history":[{"count":0,"href":"https:\/\/concertacaoamazonia.com.br\/en\/wp-json\/wp\/v2\/posts\/56660\/revisions"}],"wp:featuredmedia":[{"embeddable":true,"href":"https:\/\/concertacaoamazonia.com.br\/en\/wp-json\/wp\/v2\/media\/56661"}],"wp:attachment":[{"href":"https:\/\/concertacaoamazonia.com.br\/en\/wp-json\/wp\/v2\/media?parent=56660"}],"wp:term":[{"taxonomy":"category","embeddable":true,"href":"https:\/\/concertacaoamazonia.com.br\/en\/wp-json\/wp\/v2\/categories?post=56660"},{"taxonomy":"post_tag","embeddable":true,"href":"https:\/\/concertacaoamazonia.com.br\/en\/wp-json\/wp\/v2\/tags?post=56660"},{"taxonomy":"veiculo","embeddable":true,"href":"https:\/\/concertacaoamazonia.com.br\/en\/wp-json\/wp\/v2\/veiculo?post=56660"},{"taxonomy":"ano","embeddable":true,"href":"https:\/\/concertacaoamazonia.com.br\/en\/wp-json\/wp\/v2\/ano?post=56660"},{"taxonomy":"eixos","embeddable":true,"href":"https:\/\/concertacaoamazonia.com.br\/en\/wp-json\/wp\/v2\/eixos?post=56660"}],"curies":[{"name":"wp","href":"https:\/\/api.w.org\/{rel}","templated":true}]}}