{"id":56631,"date":"2024-05-20T18:00:44","date_gmt":"2024-05-20T21:00:44","guid":{"rendered":"https:\/\/concertacaoamazonia.com.br\/?p=56631"},"modified":"2024-05-20T18:00:45","modified_gmt":"2024-05-20T21:00:45","slug":"obra-em-mina-de-potassio-avanca-na-amazonia","status":"publish","type":"post","link":"https:\/\/concertacaoamazonia.com.br\/en\/2024\/05\/20\/obra-em-mina-de-potassio-avanca-na-amazonia\/","title":{"rendered":"Obra em mina de pot\u00e1ssio avan\u00e7a na Amaz\u00f4nia"},"content":{"rendered":"\n<p>A Pot\u00e1ssio Brasil recebeu nesta semana mais seis licen\u00e7as do Instituto de Prote\u00e7\u00e3o Ambiental do Amazonas (Ipaam), o que permitiu avan\u00e7ar para a fase final da constru\u00e7\u00e3o da mina de Autazes (AM).<\/p>\n","protected":false},"excerpt":{"rendered":"<p>A Pot\u00e1ssio Brasil recebeu nesta semana mais seis licen\u00e7as do Instituto de Prote\u00e7\u00e3o Ambiental do Amazonas (Ipaam), o que permitiu avan\u00e7ar para a fase final da constru\u00e7\u00e3o da mina de Autazes (AM).<\/p>\n","protected":false},"author":226,"featured_media":56632,"comment_status":"closed","ping_status":"closed","sticky":false,"template":"","format":"standard","meta":{"footnotes":""},"categories":[28],"tags":[],"veiculo":[1871],"ano":[2075],"eixos":[],"class_list":["post-56631","post","type-post","status-publish","format-standard","has-post-thumbnail","hentry","category-artigo-externo","veiculo-folha-de-sao-paulo-en-2"],"_links":{"self":[{"href":"https:\/\/concertacaoamazonia.com.br\/en\/wp-json\/wp\/v2\/posts\/56631","targetHints":{"allow":["GET"]}}],"collection":[{"href":"https:\/\/concertacaoamazonia.com.br\/en\/wp-json\/wp\/v2\/posts"}],"about":[{"href":"https:\/\/concertacaoamazonia.com.br\/en\/wp-json\/wp\/v2\/types\/post"}],"author":[{"embeddable":true,"href":"https:\/\/concertacaoamazonia.com.br\/en\/wp-json\/wp\/v2\/users\/226"}],"replies":[{"embeddable":true,"href":"https:\/\/concertacaoamazonia.com.br\/en\/wp-json\/wp\/v2\/comments?post=56631"}],"version-history":[{"count":0,"href":"https:\/\/concertacaoamazonia.com.br\/en\/wp-json\/wp\/v2\/posts\/56631\/revisions"}],"wp:featuredmedia":[{"embeddable":true,"href":"https:\/\/concertacaoamazonia.com.br\/en\/wp-json\/wp\/v2\/media\/56632"}],"wp:attachment":[{"href":"https:\/\/concertacaoamazonia.com.br\/en\/wp-json\/wp\/v2\/media?parent=56631"}],"wp:term":[{"taxonomy":"category","embeddable":true,"href":"https:\/\/concertacaoamazonia.com.br\/en\/wp-json\/wp\/v2\/categories?post=56631"},{"taxonomy":"post_tag","embeddable":true,"href":"https:\/\/concertacaoamazonia.com.br\/en\/wp-json\/wp\/v2\/tags?post=56631"},{"taxonomy":"veiculo","embeddable":true,"href":"https:\/\/concertacaoamazonia.com.br\/en\/wp-json\/wp\/v2\/veiculo?post=56631"},{"taxonomy":"ano","embeddable":true,"href":"https:\/\/concertacaoamazonia.com.br\/en\/wp-json\/wp\/v2\/ano?post=56631"},{"taxonomy":"eixos","embeddable":true,"href":"https:\/\/concertacaoamazonia.com.br\/en\/wp-json\/wp\/v2\/eixos?post=56631"}],"curies":[{"name":"wp","href":"https:\/\/api.w.org\/{rel}","templated":true}]}}