{"id":56596,"date":"2024-05-20T17:31:26","date_gmt":"2024-05-20T20:31:26","guid":{"rendered":"https:\/\/concertacaoamazonia.com.br\/?p=56596"},"modified":"2024-05-20T17:31:28","modified_gmt":"2024-05-20T20:31:28","slug":"governo-instala-grupo-de-trabalho-para-discutir-descarbonizacao-da-industria","status":"publish","type":"post","link":"https:\/\/concertacaoamazonia.com.br\/en\/2024\/05\/20\/governo-instala-grupo-de-trabalho-para-discutir-descarbonizacao-da-industria\/","title":{"rendered":"Governo instala grupo de trabalho para discutir descarboniza\u00e7\u00e3o da ind\u00fastria"},"content":{"rendered":"\n<p>O Minist\u00e9rio do Desenvolvimento, Ind\u00fastria, Com\u00e9rcio e Servi\u00e7os (Mdic) instalou, nesta sexta-feira (17), grupo de trabalho para discutir a descarboniza\u00e7\u00e3o do setor industrial. A ideia \u00e9 \u201cajudar a estabelecer as metas de\u00a0<strong>descarboniza\u00e7\u00e3o da ind\u00fastria<\/strong>\u00a0no contexto dos compromissos firmados pelo Brasil no\u00a0<strong>Acordo de Paris<\/strong>\u201d, segundo comunicado da pasta.<\/p>\n","protected":false},"excerpt":{"rendered":"<p>O Minist\u00e9rio do Desenvolvimento, Ind\u00fastria, Com\u00e9rcio e Servi\u00e7os (Mdic) instalou, nesta sexta-feira (17), grupo de trabalho para discutir a descarboniza\u00e7\u00e3o do setor industrial. A ideia \u00e9 \u201cajudar a estabelecer as metas de descarboniza\u00e7\u00e3o da ind\u00fastria no contexto dos compromissos firmados pelo Brasil no Acordo de Paris\u201d, segundo comunicado da pasta.<\/p>\n","protected":false},"author":226,"featured_media":56597,"comment_status":"closed","ping_status":"closed","sticky":false,"template":"","format":"standard","meta":{"footnotes":""},"categories":[28],"tags":[],"veiculo":[1873],"ano":[2075],"eixos":[],"class_list":["post-56596","post","type-post","status-publish","format-standard","has-post-thumbnail","hentry","category-artigo-externo","veiculo-valor-economico-en-2"],"_links":{"self":[{"href":"https:\/\/concertacaoamazonia.com.br\/en\/wp-json\/wp\/v2\/posts\/56596","targetHints":{"allow":["GET"]}}],"collection":[{"href":"https:\/\/concertacaoamazonia.com.br\/en\/wp-json\/wp\/v2\/posts"}],"about":[{"href":"https:\/\/concertacaoamazonia.com.br\/en\/wp-json\/wp\/v2\/types\/post"}],"author":[{"embeddable":true,"href":"https:\/\/concertacaoamazonia.com.br\/en\/wp-json\/wp\/v2\/users\/226"}],"replies":[{"embeddable":true,"href":"https:\/\/concertacaoamazonia.com.br\/en\/wp-json\/wp\/v2\/comments?post=56596"}],"version-history":[{"count":0,"href":"https:\/\/concertacaoamazonia.com.br\/en\/wp-json\/wp\/v2\/posts\/56596\/revisions"}],"wp:featuredmedia":[{"embeddable":true,"href":"https:\/\/concertacaoamazonia.com.br\/en\/wp-json\/wp\/v2\/media\/56597"}],"wp:attachment":[{"href":"https:\/\/concertacaoamazonia.com.br\/en\/wp-json\/wp\/v2\/media?parent=56596"}],"wp:term":[{"taxonomy":"category","embeddable":true,"href":"https:\/\/concertacaoamazonia.com.br\/en\/wp-json\/wp\/v2\/categories?post=56596"},{"taxonomy":"post_tag","embeddable":true,"href":"https:\/\/concertacaoamazonia.com.br\/en\/wp-json\/wp\/v2\/tags?post=56596"},{"taxonomy":"veiculo","embeddable":true,"href":"https:\/\/concertacaoamazonia.com.br\/en\/wp-json\/wp\/v2\/veiculo?post=56596"},{"taxonomy":"ano","embeddable":true,"href":"https:\/\/concertacaoamazonia.com.br\/en\/wp-json\/wp\/v2\/ano?post=56596"},{"taxonomy":"eixos","embeddable":true,"href":"https:\/\/concertacaoamazonia.com.br\/en\/wp-json\/wp\/v2\/eixos?post=56596"}],"curies":[{"name":"wp","href":"https:\/\/api.w.org\/{rel}","templated":true}]}}