{"id":56565,"date":"2024-05-17T18:55:45","date_gmt":"2024-05-17T21:55:45","guid":{"rendered":"https:\/\/concertacaoamazonia.com.br\/?p=56565"},"modified":"2024-05-17T18:55:47","modified_gmt":"2024-05-17T21:55:47","slug":"como-povos-indigenas-e-comunidades-tradicionais-estao-salvando-ecossistemas","status":"publish","type":"post","link":"https:\/\/concertacaoamazonia.com.br\/en\/2024\/05\/17\/como-povos-indigenas-e-comunidades-tradicionais-estao-salvando-ecossistemas\/","title":{"rendered":"Como povos ind\u00edgenas e comunidades tradicionais est\u00e3o salvando ecossistemas"},"content":{"rendered":"\n<p>Um artigo de revis\u00e3o publicado em meados de mar\u00e7o na revista&nbsp;<a href=\"https:\/\/www.nature.com\/articles\/s41559-024-02356-1\" target=\"_blank\" rel=\"noreferrer noopener\">Nature Ecology &amp; Evolution<\/a>&nbsp;sugere que povos ind\u00edgenas e comunidades locais t\u00eam um papel fundamental na prote\u00e7\u00e3o da biodiversidade e dos ecossistemas, mas que este papel ainda \u00e9 negligenciado pelos esfor\u00e7os de conserva\u00e7\u00e3o convencionais. O trabalho \u00e9 assinado por 20 pesquisadores e foi liderado pela bi\u00f3loga brasileira Carolina Levis, da Universidade Federal de Santa Catarina (UFSC).<\/p>\n","protected":false},"excerpt":{"rendered":"<p>Um artigo de revis\u00e3o publicado em meados de mar\u00e7o na revista Nature Ecology &#038; Evolution sugere que povos ind\u00edgenas e comunidades locais t\u00eam um papel fundamental na prote\u00e7\u00e3o da biodiversidade e dos ecossistemas, mas que este papel ainda \u00e9 negligenciado pelos esfor\u00e7os de conserva\u00e7\u00e3o convencionais. O trabalho \u00e9 assinado por 20 pesquisadores e foi liderado pela bi\u00f3loga brasileira Carolina Levis, da Universidade Federal de Santa Catarina (UFSC).<\/p>\n","protected":false},"author":226,"featured_media":0,"comment_status":"closed","ping_status":"closed","sticky":false,"template":"","format":"standard","meta":{"footnotes":""},"categories":[28],"tags":[],"veiculo":[1871],"ano":[2075],"eixos":[],"class_list":["post-56565","post","type-post","status-publish","format-standard","hentry","category-artigo-externo","veiculo-folha-de-sao-paulo-en-2"],"_links":{"self":[{"href":"https:\/\/concertacaoamazonia.com.br\/en\/wp-json\/wp\/v2\/posts\/56565","targetHints":{"allow":["GET"]}}],"collection":[{"href":"https:\/\/concertacaoamazonia.com.br\/en\/wp-json\/wp\/v2\/posts"}],"about":[{"href":"https:\/\/concertacaoamazonia.com.br\/en\/wp-json\/wp\/v2\/types\/post"}],"author":[{"embeddable":true,"href":"https:\/\/concertacaoamazonia.com.br\/en\/wp-json\/wp\/v2\/users\/226"}],"replies":[{"embeddable":true,"href":"https:\/\/concertacaoamazonia.com.br\/en\/wp-json\/wp\/v2\/comments?post=56565"}],"version-history":[{"count":0,"href":"https:\/\/concertacaoamazonia.com.br\/en\/wp-json\/wp\/v2\/posts\/56565\/revisions"}],"wp:attachment":[{"href":"https:\/\/concertacaoamazonia.com.br\/en\/wp-json\/wp\/v2\/media?parent=56565"}],"wp:term":[{"taxonomy":"category","embeddable":true,"href":"https:\/\/concertacaoamazonia.com.br\/en\/wp-json\/wp\/v2\/categories?post=56565"},{"taxonomy":"post_tag","embeddable":true,"href":"https:\/\/concertacaoamazonia.com.br\/en\/wp-json\/wp\/v2\/tags?post=56565"},{"taxonomy":"veiculo","embeddable":true,"href":"https:\/\/concertacaoamazonia.com.br\/en\/wp-json\/wp\/v2\/veiculo?post=56565"},{"taxonomy":"ano","embeddable":true,"href":"https:\/\/concertacaoamazonia.com.br\/en\/wp-json\/wp\/v2\/ano?post=56565"},{"taxonomy":"eixos","embeddable":true,"href":"https:\/\/concertacaoamazonia.com.br\/en\/wp-json\/wp\/v2\/eixos?post=56565"}],"curies":[{"name":"wp","href":"https:\/\/api.w.org\/{rel}","templated":true}]}}