{"id":56536,"date":"2024-05-16T17:11:35","date_gmt":"2024-05-16T20:11:35","guid":{"rendered":"https:\/\/concertacaoamazonia.com.br\/?p=56536"},"modified":"2024-05-16T17:11:37","modified_gmt":"2024-05-16T20:11:37","slug":"entidades-criticam-consulta-publica-sobre-combustiveis-fosseis-na-transicao-energetica","status":"publish","type":"post","link":"https:\/\/concertacaoamazonia.com.br\/en\/2024\/05\/16\/entidades-criticam-consulta-publica-sobre-combustiveis-fosseis-na-transicao-energetica\/","title":{"rendered":"Entidades criticam consulta p\u00fablica sobre combust\u00edveis f\u00f3sseis na transi\u00e7\u00e3o energ\u00e9tica"},"content":{"rendered":"\n<p>Em nota conjunta, a Coaliz\u00e3o Energia Limpa e o Observat\u00f3rio do Clima citam prazo de apenas 15 dias para contribui\u00e7\u00f5es e tend\u00eancia de aumento na explora\u00e7\u00e3o de petr\u00f3leo e g\u00e1s<\/p>\n","protected":false},"excerpt":{"rendered":"<p>Em nota conjunta, a Coaliz\u00e3o Energia Limpa e o Observat\u00f3rio do Clima citam prazo de apenas 15 dias para contribui\u00e7\u00f5es e tend\u00eancia de aumento na explora\u00e7\u00e3o de petr\u00f3leo e g\u00e1s<\/p>\n","protected":false},"author":226,"featured_media":56537,"comment_status":"closed","ping_status":"closed","sticky":false,"template":"","format":"standard","meta":{"footnotes":""},"categories":[28],"tags":[],"veiculo":[2047],"ano":[2075],"eixos":[],"class_list":["post-56536","post","type-post","status-publish","format-standard","has-post-thumbnail","hentry","category-artigo-externo","veiculo-o-eco"],"_links":{"self":[{"href":"https:\/\/concertacaoamazonia.com.br\/en\/wp-json\/wp\/v2\/posts\/56536","targetHints":{"allow":["GET"]}}],"collection":[{"href":"https:\/\/concertacaoamazonia.com.br\/en\/wp-json\/wp\/v2\/posts"}],"about":[{"href":"https:\/\/concertacaoamazonia.com.br\/en\/wp-json\/wp\/v2\/types\/post"}],"author":[{"embeddable":true,"href":"https:\/\/concertacaoamazonia.com.br\/en\/wp-json\/wp\/v2\/users\/226"}],"replies":[{"embeddable":true,"href":"https:\/\/concertacaoamazonia.com.br\/en\/wp-json\/wp\/v2\/comments?post=56536"}],"version-history":[{"count":0,"href":"https:\/\/concertacaoamazonia.com.br\/en\/wp-json\/wp\/v2\/posts\/56536\/revisions"}],"wp:featuredmedia":[{"embeddable":true,"href":"https:\/\/concertacaoamazonia.com.br\/en\/wp-json\/wp\/v2\/media\/56537"}],"wp:attachment":[{"href":"https:\/\/concertacaoamazonia.com.br\/en\/wp-json\/wp\/v2\/media?parent=56536"}],"wp:term":[{"taxonomy":"category","embeddable":true,"href":"https:\/\/concertacaoamazonia.com.br\/en\/wp-json\/wp\/v2\/categories?post=56536"},{"taxonomy":"post_tag","embeddable":true,"href":"https:\/\/concertacaoamazonia.com.br\/en\/wp-json\/wp\/v2\/tags?post=56536"},{"taxonomy":"veiculo","embeddable":true,"href":"https:\/\/concertacaoamazonia.com.br\/en\/wp-json\/wp\/v2\/veiculo?post=56536"},{"taxonomy":"ano","embeddable":true,"href":"https:\/\/concertacaoamazonia.com.br\/en\/wp-json\/wp\/v2\/ano?post=56536"},{"taxonomy":"eixos","embeddable":true,"href":"https:\/\/concertacaoamazonia.com.br\/en\/wp-json\/wp\/v2\/eixos?post=56536"}],"curies":[{"name":"wp","href":"https:\/\/api.w.org\/{rel}","templated":true}]}}