{"id":56520,"date":"2024-05-16T17:01:10","date_gmt":"2024-05-16T20:01:10","guid":{"rendered":"https:\/\/concertacaoamazonia.com.br\/?p=56520"},"modified":"2024-05-16T17:01:12","modified_gmt":"2024-05-16T20:01:12","slug":"problemas-climaticos-deveriam-ser-priorizados-antes-de-explorar-margem-equatorial-diz-ex-aneel-em-summit-brazil-usa","status":"publish","type":"post","link":"https:\/\/concertacaoamazonia.com.br\/en\/2024\/05\/16\/problemas-climaticos-deveriam-ser-priorizados-antes-de-explorar-margem-equatorial-diz-ex-aneel-em-summit-brazil-usa\/","title":{"rendered":"Problemas clim\u00e1ticos deveriam ser priorizados antes de explorar Margem Equatorial, diz ex-Aneel em Summit Brazil-USA"},"content":{"rendered":"\n<p>Ainda que a explora\u00e7\u00e3o de petr\u00f3leo na Margem\u00a0<a class=\"\" href=\"https:\/\/valor.globo.com\/empresas\/valor-empresas-360\/equatorial-energia?360&amp;interno_origem=multicontent\" target=\"_blank\" rel=\"noreferrer noopener\">Equatorial<\/a>\u00a0seja importante para o mercado brasileiro, os problemas clim\u00e1ticos deveriam vir antes disso, defende Edvaldo Santana, consultor e ex-diretor da Ag\u00eancia Nacional de Energia El\u00e9trica (Aneel). Ao participar do Summit Valor Econ\u00f4mico Brasil-USA, em Nova York, o especialista afirmou que discorda da ideia de priorizar um recurso esgot\u00e1vel neste momento.<\/p>\n","protected":false},"excerpt":{"rendered":"<p>Ainda que a explora\u00e7\u00e3o de petr\u00f3leo na Margem Equatorial seja importante para o mercado brasileiro, os problemas clim\u00e1ticos deveriam vir antes disso, defende Edvaldo Santana, consultor e ex-diretor da Ag\u00eancia Nacional de Energia El\u00e9trica (Aneel). Ao participar do Summit Valor Econ\u00f4mico Brasil-USA, em Nova York, o especialista afirmou que discorda da ideia de priorizar um recurso esgot\u00e1vel neste momento.<\/p>\n","protected":false},"author":226,"featured_media":56521,"comment_status":"closed","ping_status":"closed","sticky":false,"template":"","format":"standard","meta":{"footnotes":""},"categories":[28],"tags":[],"veiculo":[1873],"ano":[2075],"eixos":[],"class_list":["post-56520","post","type-post","status-publish","format-standard","has-post-thumbnail","hentry","category-artigo-externo","veiculo-valor-economico-en-2"],"_links":{"self":[{"href":"https:\/\/concertacaoamazonia.com.br\/en\/wp-json\/wp\/v2\/posts\/56520","targetHints":{"allow":["GET"]}}],"collection":[{"href":"https:\/\/concertacaoamazonia.com.br\/en\/wp-json\/wp\/v2\/posts"}],"about":[{"href":"https:\/\/concertacaoamazonia.com.br\/en\/wp-json\/wp\/v2\/types\/post"}],"author":[{"embeddable":true,"href":"https:\/\/concertacaoamazonia.com.br\/en\/wp-json\/wp\/v2\/users\/226"}],"replies":[{"embeddable":true,"href":"https:\/\/concertacaoamazonia.com.br\/en\/wp-json\/wp\/v2\/comments?post=56520"}],"version-history":[{"count":0,"href":"https:\/\/concertacaoamazonia.com.br\/en\/wp-json\/wp\/v2\/posts\/56520\/revisions"}],"wp:featuredmedia":[{"embeddable":true,"href":"https:\/\/concertacaoamazonia.com.br\/en\/wp-json\/wp\/v2\/media\/56521"}],"wp:attachment":[{"href":"https:\/\/concertacaoamazonia.com.br\/en\/wp-json\/wp\/v2\/media?parent=56520"}],"wp:term":[{"taxonomy":"category","embeddable":true,"href":"https:\/\/concertacaoamazonia.com.br\/en\/wp-json\/wp\/v2\/categories?post=56520"},{"taxonomy":"post_tag","embeddable":true,"href":"https:\/\/concertacaoamazonia.com.br\/en\/wp-json\/wp\/v2\/tags?post=56520"},{"taxonomy":"veiculo","embeddable":true,"href":"https:\/\/concertacaoamazonia.com.br\/en\/wp-json\/wp\/v2\/veiculo?post=56520"},{"taxonomy":"ano","embeddable":true,"href":"https:\/\/concertacaoamazonia.com.br\/en\/wp-json\/wp\/v2\/ano?post=56520"},{"taxonomy":"eixos","embeddable":true,"href":"https:\/\/concertacaoamazonia.com.br\/en\/wp-json\/wp\/v2\/eixos?post=56520"}],"curies":[{"name":"wp","href":"https:\/\/api.w.org\/{rel}","templated":true}]}}