{"id":56435,"date":"2024-05-15T10:55:57","date_gmt":"2024-05-15T13:55:57","guid":{"rendered":"https:\/\/concertacaoamazonia.com.br\/?p=56435"},"modified":"2024-05-15T10:56:30","modified_gmt":"2024-05-15T13:56:30","slug":"sem-ciencia-nao-ha-enfrentamento-dos-desafios-crescentes-da-mudanca-do-clima-diz-cientista-do-ipcc","status":"publish","type":"post","link":"https:\/\/concertacaoamazonia.com.br\/en\/2024\/05\/15\/sem-ciencia-nao-ha-enfrentamento-dos-desafios-crescentes-da-mudanca-do-clima-diz-cientista-do-ipcc\/","title":{"rendered":"Sem ci\u00eancia n\u00e3o h\u00e1 enfrentamento dos desafios crescentes da mudan\u00e7a do clima, diz cientista do IPCC"},"content":{"rendered":"\n<p>Thelma Krug, membro do corpo de cientistas da ONU para mudan\u00e7as clim\u00e1ticas, diz que situa\u00e7\u00e3o no RS \u00e9 oportunidade para repensar planos de adapta\u00e7\u00e3o<\/p>\n","protected":false},"excerpt":{"rendered":"<p>Thelma Krug, membro do corpo de cientistas da ONU para mudan\u00e7as clim\u00e1ticas, diz que situa\u00e7\u00e3o no RS \u00e9 oportunidade para repensar planos de adapta\u00e7\u00e3o<\/p>\n","protected":false},"author":226,"featured_media":56436,"comment_status":"closed","ping_status":"closed","sticky":false,"template":"","format":"standard","meta":{"footnotes":""},"categories":[28],"tags":[],"veiculo":[2047],"ano":[2075],"eixos":[],"class_list":["post-56435","post","type-post","status-publish","format-standard","has-post-thumbnail","hentry","category-artigo-externo","veiculo-o-eco"],"_links":{"self":[{"href":"https:\/\/concertacaoamazonia.com.br\/en\/wp-json\/wp\/v2\/posts\/56435","targetHints":{"allow":["GET"]}}],"collection":[{"href":"https:\/\/concertacaoamazonia.com.br\/en\/wp-json\/wp\/v2\/posts"}],"about":[{"href":"https:\/\/concertacaoamazonia.com.br\/en\/wp-json\/wp\/v2\/types\/post"}],"author":[{"embeddable":true,"href":"https:\/\/concertacaoamazonia.com.br\/en\/wp-json\/wp\/v2\/users\/226"}],"replies":[{"embeddable":true,"href":"https:\/\/concertacaoamazonia.com.br\/en\/wp-json\/wp\/v2\/comments?post=56435"}],"version-history":[{"count":0,"href":"https:\/\/concertacaoamazonia.com.br\/en\/wp-json\/wp\/v2\/posts\/56435\/revisions"}],"wp:featuredmedia":[{"embeddable":true,"href":"https:\/\/concertacaoamazonia.com.br\/en\/wp-json\/wp\/v2\/media\/56436"}],"wp:attachment":[{"href":"https:\/\/concertacaoamazonia.com.br\/en\/wp-json\/wp\/v2\/media?parent=56435"}],"wp:term":[{"taxonomy":"category","embeddable":true,"href":"https:\/\/concertacaoamazonia.com.br\/en\/wp-json\/wp\/v2\/categories?post=56435"},{"taxonomy":"post_tag","embeddable":true,"href":"https:\/\/concertacaoamazonia.com.br\/en\/wp-json\/wp\/v2\/tags?post=56435"},{"taxonomy":"veiculo","embeddable":true,"href":"https:\/\/concertacaoamazonia.com.br\/en\/wp-json\/wp\/v2\/veiculo?post=56435"},{"taxonomy":"ano","embeddable":true,"href":"https:\/\/concertacaoamazonia.com.br\/en\/wp-json\/wp\/v2\/ano?post=56435"},{"taxonomy":"eixos","embeddable":true,"href":"https:\/\/concertacaoamazonia.com.br\/en\/wp-json\/wp\/v2\/eixos?post=56435"}],"curies":[{"name":"wp","href":"https:\/\/api.w.org\/{rel}","templated":true}]}}