{"id":56423,"date":"2024-05-15T10:48:24","date_gmt":"2024-05-15T13:48:24","guid":{"rendered":"https:\/\/concertacaoamazonia.com.br\/?p=56423"},"modified":"2024-05-15T10:48:26","modified_gmt":"2024-05-15T13:48:26","slug":"porte-de-armas-e-imprescindivel-para-servidores-combaterem-invasoes-de-terra-indigena-diz-funai","status":"publish","type":"post","link":"https:\/\/concertacaoamazonia.com.br\/en\/2024\/05\/15\/porte-de-armas-e-imprescindivel-para-servidores-combaterem-invasoes-de-terra-indigena-diz-funai\/","title":{"rendered":"Porte de armas \u00e9 &#8216;imprescind\u00edvel&#8217; para servidores combaterem invas\u00f5es de terra ind\u00edgena, diz Funai"},"content":{"rendered":"\n<p>Em meio a conflitos territoriais, principalmente na amaz\u00f4nia, a Funai (Funda\u00e7\u00e3o Nacional dos Povos Ind\u00edgenas) avalia como &#8220;recurso imprescind\u00edvel&#8221; o porte de arma de fogo para seus servidores que atuam em atividades de fiscaliza\u00e7\u00e3o<\/p>\n","protected":false},"excerpt":{"rendered":"<p>Em meio a conflitos territoriais, principalmente na amaz\u00f4nia, a Funai (Funda\u00e7\u00e3o Nacional dos Povos Ind\u00edgenas) avalia como &#8220;recurso imprescind\u00edvel&#8221; o porte de arma de fogo para seus servidores que atuam em atividades de fiscaliza\u00e7\u00e3o<\/p>\n","protected":false},"author":226,"featured_media":56424,"comment_status":"closed","ping_status":"closed","sticky":false,"template":"","format":"standard","meta":{"footnotes":""},"categories":[28],"tags":[],"veiculo":[1871],"ano":[2075],"eixos":[],"class_list":["post-56423","post","type-post","status-publish","format-standard","has-post-thumbnail","hentry","category-artigo-externo","veiculo-folha-de-sao-paulo-en-2"],"_links":{"self":[{"href":"https:\/\/concertacaoamazonia.com.br\/en\/wp-json\/wp\/v2\/posts\/56423","targetHints":{"allow":["GET"]}}],"collection":[{"href":"https:\/\/concertacaoamazonia.com.br\/en\/wp-json\/wp\/v2\/posts"}],"about":[{"href":"https:\/\/concertacaoamazonia.com.br\/en\/wp-json\/wp\/v2\/types\/post"}],"author":[{"embeddable":true,"href":"https:\/\/concertacaoamazonia.com.br\/en\/wp-json\/wp\/v2\/users\/226"}],"replies":[{"embeddable":true,"href":"https:\/\/concertacaoamazonia.com.br\/en\/wp-json\/wp\/v2\/comments?post=56423"}],"version-history":[{"count":0,"href":"https:\/\/concertacaoamazonia.com.br\/en\/wp-json\/wp\/v2\/posts\/56423\/revisions"}],"wp:featuredmedia":[{"embeddable":true,"href":"https:\/\/concertacaoamazonia.com.br\/en\/wp-json\/wp\/v2\/media\/56424"}],"wp:attachment":[{"href":"https:\/\/concertacaoamazonia.com.br\/en\/wp-json\/wp\/v2\/media?parent=56423"}],"wp:term":[{"taxonomy":"category","embeddable":true,"href":"https:\/\/concertacaoamazonia.com.br\/en\/wp-json\/wp\/v2\/categories?post=56423"},{"taxonomy":"post_tag","embeddable":true,"href":"https:\/\/concertacaoamazonia.com.br\/en\/wp-json\/wp\/v2\/tags?post=56423"},{"taxonomy":"veiculo","embeddable":true,"href":"https:\/\/concertacaoamazonia.com.br\/en\/wp-json\/wp\/v2\/veiculo?post=56423"},{"taxonomy":"ano","embeddable":true,"href":"https:\/\/concertacaoamazonia.com.br\/en\/wp-json\/wp\/v2\/ano?post=56423"},{"taxonomy":"eixos","embeddable":true,"href":"https:\/\/concertacaoamazonia.com.br\/en\/wp-json\/wp\/v2\/eixos?post=56423"}],"curies":[{"name":"wp","href":"https:\/\/api.w.org\/{rel}","templated":true}]}}