{"id":56409,"date":"2024-05-14T12:05:56","date_gmt":"2024-05-14T15:05:56","guid":{"rendered":"https:\/\/concertacaoamazonia.com.br\/?p=56409"},"modified":"2024-05-14T12:05:58","modified_gmt":"2024-05-14T15:05:58","slug":"podcast-a-urgencia-da-transicao-energetica-para-evitar-novas-catastrofes-climaticas","status":"publish","type":"post","link":"https:\/\/concertacaoamazonia.com.br\/en\/2024\/05\/14\/podcast-a-urgencia-da-transicao-energetica-para-evitar-novas-catastrofes-climaticas\/","title":{"rendered":"Podcast: a urg\u00eancia da transi\u00e7\u00e3o energ\u00e9tica para evitar novas cat\u00e1strofes clim\u00e1ticas"},"content":{"rendered":"\n<p>O fim de semana foi marcado pela volta das&nbsp;<a href=\"https:\/\/www1.folha.uol.com.br\/folha-topicos\/chuvas-no-sul\/\" rel=\"noreferrer noopener\" target=\"_blank\">chuvas no Rio Grande do Sul<\/a>. O estado ainda n\u00e3o v\u00ea melhora substancial no cen\u00e1rio das enchentes que j\u00e1 mataram 143 e atingem 447 cidades \u2014o que refor\u00e7a que a cat\u00e1strofe n\u00e3o se deve a um per\u00edodo chuvoso, mas \u00e0s consequ\u00eancias da emerg\u00eancia clim\u00e1tica.<\/p>\n","protected":false},"excerpt":{"rendered":"<p>O fim de semana foi marcado pela volta das chuvas no Rio Grande do Sul. O estado ainda n\u00e3o v\u00ea melhora substancial no cen\u00e1rio das enchentes que j\u00e1 mataram 143 e atingem 447 cidades \u2014o que refor\u00e7a que a cat\u00e1strofe n\u00e3o se deve a um per\u00edodo chuvoso, mas \u00e0s consequ\u00eancias da emerg\u00eancia clim\u00e1tica.<\/p>\n","protected":false},"author":226,"featured_media":56410,"comment_status":"closed","ping_status":"closed","sticky":false,"template":"","format":"standard","meta":{"footnotes":""},"categories":[28],"tags":[],"veiculo":[1871],"ano":[2075],"eixos":[],"class_list":["post-56409","post","type-post","status-publish","format-standard","has-post-thumbnail","hentry","category-artigo-externo","veiculo-folha-de-sao-paulo-en-2"],"_links":{"self":[{"href":"https:\/\/concertacaoamazonia.com.br\/en\/wp-json\/wp\/v2\/posts\/56409","targetHints":{"allow":["GET"]}}],"collection":[{"href":"https:\/\/concertacaoamazonia.com.br\/en\/wp-json\/wp\/v2\/posts"}],"about":[{"href":"https:\/\/concertacaoamazonia.com.br\/en\/wp-json\/wp\/v2\/types\/post"}],"author":[{"embeddable":true,"href":"https:\/\/concertacaoamazonia.com.br\/en\/wp-json\/wp\/v2\/users\/226"}],"replies":[{"embeddable":true,"href":"https:\/\/concertacaoamazonia.com.br\/en\/wp-json\/wp\/v2\/comments?post=56409"}],"version-history":[{"count":0,"href":"https:\/\/concertacaoamazonia.com.br\/en\/wp-json\/wp\/v2\/posts\/56409\/revisions"}],"wp:featuredmedia":[{"embeddable":true,"href":"https:\/\/concertacaoamazonia.com.br\/en\/wp-json\/wp\/v2\/media\/56410"}],"wp:attachment":[{"href":"https:\/\/concertacaoamazonia.com.br\/en\/wp-json\/wp\/v2\/media?parent=56409"}],"wp:term":[{"taxonomy":"category","embeddable":true,"href":"https:\/\/concertacaoamazonia.com.br\/en\/wp-json\/wp\/v2\/categories?post=56409"},{"taxonomy":"post_tag","embeddable":true,"href":"https:\/\/concertacaoamazonia.com.br\/en\/wp-json\/wp\/v2\/tags?post=56409"},{"taxonomy":"veiculo","embeddable":true,"href":"https:\/\/concertacaoamazonia.com.br\/en\/wp-json\/wp\/v2\/veiculo?post=56409"},{"taxonomy":"ano","embeddable":true,"href":"https:\/\/concertacaoamazonia.com.br\/en\/wp-json\/wp\/v2\/ano?post=56409"},{"taxonomy":"eixos","embeddable":true,"href":"https:\/\/concertacaoamazonia.com.br\/en\/wp-json\/wp\/v2\/eixos?post=56409"}],"curies":[{"name":"wp","href":"https:\/\/api.w.org\/{rel}","templated":true}]}}