{"id":56403,"date":"2024-05-14T12:03:59","date_gmt":"2024-05-14T15:03:59","guid":{"rendered":"https:\/\/concertacaoamazonia.com.br\/?p=56403"},"modified":"2024-05-14T12:04:01","modified_gmt":"2024-05-14T15:04:01","slug":"programa-que-agiliza-credito-rural-na-amazonia-ganha-premio-nos-eua","status":"publish","type":"post","link":"https:\/\/concertacaoamazonia.com.br\/en\/2024\/05\/14\/programa-que-agiliza-credito-rural-na-amazonia-ganha-premio-nos-eua\/","title":{"rendered":"Programa que agiliza cr\u00e9dito rural na Amaz\u00f4nia ganha pr\u00eamio nos EUA"},"content":{"rendered":"\n<p>O&nbsp;<a href=\"https:\/\/www1.folha.uol.com.br\/blogs\/brasilia-hoje\/2024\/04\/franca-faz-acordo-com-bndes-e-banco-da-amazonia-para-captar-300-milhoes-de-euros-para-projetos-verdes.shtml\" rel=\"noreferrer noopener\" target=\"_blank\">Banco da Amaz\u00f4nia (Basa)<\/a>&nbsp;podia demorar at\u00e9 seis meses para verificar toda a papelada necess\u00e1ria para garantir que o pequeno produtor em busca de empr\u00e9stimo estivesse em situa\u00e7\u00e3o regular e n\u00e3o tivesse hist\u00f3rico de desmatamento ou trabalho an\u00e1logo a escravid\u00e3o. Com integra\u00e7\u00e3o de diferentes sistemas, os funcion\u00e1rios conseguiram reduzir o prazo para um dia.<\/p>\n","protected":false},"excerpt":{"rendered":"<p>O Banco da Amaz\u00f4nia (Basa) podia demorar at\u00e9 seis meses para verificar toda a papelada necess\u00e1ria para garantir que o pequeno produtor em busca de empr\u00e9stimo estivesse em situa\u00e7\u00e3o regular e n\u00e3o tivesse hist\u00f3rico de desmatamento ou trabalho an\u00e1logo a escravid\u00e3o. Com integra\u00e7\u00e3o de diferentes sistemas, os funcion\u00e1rios conseguiram reduzir o prazo para um dia.<\/p>\n","protected":false},"author":226,"featured_media":56406,"comment_status":"closed","ping_status":"closed","sticky":false,"template":"","format":"standard","meta":{"footnotes":""},"categories":[28],"tags":[],"veiculo":[1871],"ano":[2075],"eixos":[],"class_list":["post-56403","post","type-post","status-publish","format-standard","has-post-thumbnail","hentry","category-artigo-externo","veiculo-folha-de-sao-paulo-en-2"],"_links":{"self":[{"href":"https:\/\/concertacaoamazonia.com.br\/en\/wp-json\/wp\/v2\/posts\/56403","targetHints":{"allow":["GET"]}}],"collection":[{"href":"https:\/\/concertacaoamazonia.com.br\/en\/wp-json\/wp\/v2\/posts"}],"about":[{"href":"https:\/\/concertacaoamazonia.com.br\/en\/wp-json\/wp\/v2\/types\/post"}],"author":[{"embeddable":true,"href":"https:\/\/concertacaoamazonia.com.br\/en\/wp-json\/wp\/v2\/users\/226"}],"replies":[{"embeddable":true,"href":"https:\/\/concertacaoamazonia.com.br\/en\/wp-json\/wp\/v2\/comments?post=56403"}],"version-history":[{"count":0,"href":"https:\/\/concertacaoamazonia.com.br\/en\/wp-json\/wp\/v2\/posts\/56403\/revisions"}],"wp:featuredmedia":[{"embeddable":true,"href":"https:\/\/concertacaoamazonia.com.br\/en\/wp-json\/wp\/v2\/media\/56406"}],"wp:attachment":[{"href":"https:\/\/concertacaoamazonia.com.br\/en\/wp-json\/wp\/v2\/media?parent=56403"}],"wp:term":[{"taxonomy":"category","embeddable":true,"href":"https:\/\/concertacaoamazonia.com.br\/en\/wp-json\/wp\/v2\/categories?post=56403"},{"taxonomy":"post_tag","embeddable":true,"href":"https:\/\/concertacaoamazonia.com.br\/en\/wp-json\/wp\/v2\/tags?post=56403"},{"taxonomy":"veiculo","embeddable":true,"href":"https:\/\/concertacaoamazonia.com.br\/en\/wp-json\/wp\/v2\/veiculo?post=56403"},{"taxonomy":"ano","embeddable":true,"href":"https:\/\/concertacaoamazonia.com.br\/en\/wp-json\/wp\/v2\/ano?post=56403"},{"taxonomy":"eixos","embeddable":true,"href":"https:\/\/concertacaoamazonia.com.br\/en\/wp-json\/wp\/v2\/eixos?post=56403"}],"curies":[{"name":"wp","href":"https:\/\/api.w.org\/{rel}","templated":true}]}}