{"id":56399,"date":"2024-05-14T12:01:38","date_gmt":"2024-05-14T15:01:38","guid":{"rendered":"https:\/\/concertacaoamazonia.com.br\/?p=56399"},"modified":"2024-05-14T12:01:40","modified_gmt":"2024-05-14T15:01:40","slug":"licenca-para-potassio-atropelou-funai-por-3-vezes-ignorou-processo-por-9-anos-e-distorceu-prazo","status":"publish","type":"post","link":"https:\/\/concertacaoamazonia.com.br\/en\/2024\/05\/14\/licenca-para-potassio-atropelou-funai-por-3-vezes-ignorou-processo-por-9-anos-e-distorceu-prazo\/","title":{"rendered":"Licen\u00e7a para pot\u00e1ssio atropelou Funai por 3 vezes, ignorou processo por 9 anos e distorceu prazo"},"content":{"rendered":"\n<p>O Ipaam (Instituto de Prote\u00e7\u00e3o Ambiental do Amazonas), \u00f3rg\u00e3o respons\u00e1vel pela concess\u00e3o de licen\u00e7a \u00e0&nbsp;<a href=\"https:\/\/www1.folha.uol.com.br\/ambiente\/2023\/11\/presidente-de-empresa-de-potassio-oferece-compra-de-terra-a-indigenas-por-posicao-favoravel-ouca-audios.shtml\" rel=\"noreferrer noopener\" target=\"_blank\">explora\u00e7\u00e3o de pot\u00e1ssio na amaz\u00f4nia<\/a>, distorceu o prazo de uma portaria da&nbsp;<a href=\"https:\/\/www1.folha.uol.com.br\/folha-topicos\/funai\/\" rel=\"noreferrer noopener\" target=\"_blank\">Funai<\/a>&nbsp;(Funda\u00e7\u00e3o Nacional dos Povos&nbsp;<a href=\"https:\/\/www1.folha.uol.com.br\/folha-topicos\/indigenas\/\" target=\"_blank\" rel=\"noreferrer noopener\">Ind\u00edgenas<\/a>) para dar aval ao empreendimento mineral, que ocupa uma \u00e1rea onde<a href=\"https:\/\/www1.folha.uol.com.br\/ambiente\/2024\/04\/indigenas-protestam-em-manaus-contra-mineracao-de-potassio-na-amazonia.shtml\" rel=\"noreferrer noopener\" target=\"_blank\">&nbsp;existe um povoado ind\u00edgena h\u00e1 150 anos<\/a>.<\/p>\n","protected":false},"excerpt":{"rendered":"<p>O Ipaam (Instituto de Prote\u00e7\u00e3o Ambiental do Amazonas), \u00f3rg\u00e3o respons\u00e1vel pela concess\u00e3o de licen\u00e7a \u00e0 explora\u00e7\u00e3o de pot\u00e1ssio na amaz\u00f4nia, distorceu o prazo de uma portaria da Funai (Funda\u00e7\u00e3o Nacional dos Povos Ind\u00edgenas) para dar aval ao empreendimento mineral, que ocupa uma \u00e1rea onde existe um povoado ind\u00edgena h\u00e1 150 anos.<\/p>\n","protected":false},"author":226,"featured_media":56400,"comment_status":"closed","ping_status":"closed","sticky":false,"template":"","format":"standard","meta":{"footnotes":""},"categories":[28],"tags":[],"veiculo":[1871],"ano":[2075],"eixos":[],"class_list":["post-56399","post","type-post","status-publish","format-standard","has-post-thumbnail","hentry","category-artigo-externo","veiculo-folha-de-sao-paulo-en-2"],"_links":{"self":[{"href":"https:\/\/concertacaoamazonia.com.br\/en\/wp-json\/wp\/v2\/posts\/56399","targetHints":{"allow":["GET"]}}],"collection":[{"href":"https:\/\/concertacaoamazonia.com.br\/en\/wp-json\/wp\/v2\/posts"}],"about":[{"href":"https:\/\/concertacaoamazonia.com.br\/en\/wp-json\/wp\/v2\/types\/post"}],"author":[{"embeddable":true,"href":"https:\/\/concertacaoamazonia.com.br\/en\/wp-json\/wp\/v2\/users\/226"}],"replies":[{"embeddable":true,"href":"https:\/\/concertacaoamazonia.com.br\/en\/wp-json\/wp\/v2\/comments?post=56399"}],"version-history":[{"count":0,"href":"https:\/\/concertacaoamazonia.com.br\/en\/wp-json\/wp\/v2\/posts\/56399\/revisions"}],"wp:featuredmedia":[{"embeddable":true,"href":"https:\/\/concertacaoamazonia.com.br\/en\/wp-json\/wp\/v2\/media\/56400"}],"wp:attachment":[{"href":"https:\/\/concertacaoamazonia.com.br\/en\/wp-json\/wp\/v2\/media?parent=56399"}],"wp:term":[{"taxonomy":"category","embeddable":true,"href":"https:\/\/concertacaoamazonia.com.br\/en\/wp-json\/wp\/v2\/categories?post=56399"},{"taxonomy":"post_tag","embeddable":true,"href":"https:\/\/concertacaoamazonia.com.br\/en\/wp-json\/wp\/v2\/tags?post=56399"},{"taxonomy":"veiculo","embeddable":true,"href":"https:\/\/concertacaoamazonia.com.br\/en\/wp-json\/wp\/v2\/veiculo?post=56399"},{"taxonomy":"ano","embeddable":true,"href":"https:\/\/concertacaoamazonia.com.br\/en\/wp-json\/wp\/v2\/ano?post=56399"},{"taxonomy":"eixos","embeddable":true,"href":"https:\/\/concertacaoamazonia.com.br\/en\/wp-json\/wp\/v2\/eixos?post=56399"}],"curies":[{"name":"wp","href":"https:\/\/api.w.org\/{rel}","templated":true}]}}