{"id":56373,"date":"2024-05-13T15:47:31","date_gmt":"2024-05-13T18:47:31","guid":{"rendered":"https:\/\/concertacaoamazonia.com.br\/?p=56373"},"modified":"2024-05-13T15:47:34","modified_gmt":"2024-05-13T18:47:34","slug":"congresso-retoma-poder-de-ministro-da-agricultura-para-dar-aval-a-liberacao-de-agrotoxicos-e-enfraquece-ibama","status":"publish","type":"post","link":"https:\/\/concertacaoamazonia.com.br\/en\/2024\/05\/13\/congresso-retoma-poder-de-ministro-da-agricultura-para-dar-aval-a-liberacao-de-agrotoxicos-e-enfraquece-ibama\/","title":{"rendered":"Congresso retoma poder de ministro da Agricultura para dar aval \u00e0 libera\u00e7\u00e3o de agrot\u00f3xicos e enfraquece Ibama"},"content":{"rendered":"\n<p>Parlamentares decidiram derrubar veto de Lula \u00e0 dispositivo inclu\u00eddo em lei<\/p>\n","protected":false},"excerpt":{"rendered":"<p>Parlamentares decidiram derrubar veto de Lula \u00e0 dispositivo inclu\u00eddo em lei<\/p>\n","protected":false},"author":226,"featured_media":56374,"comment_status":"closed","ping_status":"closed","sticky":false,"template":"","format":"standard","meta":{"footnotes":""},"categories":[28],"tags":[],"veiculo":[724],"ano":[2075],"eixos":[],"class_list":["post-56373","post","type-post","status-publish","format-standard","has-post-thumbnail","hentry","category-artigo-externo","veiculo-o-globo"],"_links":{"self":[{"href":"https:\/\/concertacaoamazonia.com.br\/en\/wp-json\/wp\/v2\/posts\/56373","targetHints":{"allow":["GET"]}}],"collection":[{"href":"https:\/\/concertacaoamazonia.com.br\/en\/wp-json\/wp\/v2\/posts"}],"about":[{"href":"https:\/\/concertacaoamazonia.com.br\/en\/wp-json\/wp\/v2\/types\/post"}],"author":[{"embeddable":true,"href":"https:\/\/concertacaoamazonia.com.br\/en\/wp-json\/wp\/v2\/users\/226"}],"replies":[{"embeddable":true,"href":"https:\/\/concertacaoamazonia.com.br\/en\/wp-json\/wp\/v2\/comments?post=56373"}],"version-history":[{"count":0,"href":"https:\/\/concertacaoamazonia.com.br\/en\/wp-json\/wp\/v2\/posts\/56373\/revisions"}],"wp:featuredmedia":[{"embeddable":true,"href":"https:\/\/concertacaoamazonia.com.br\/en\/wp-json\/wp\/v2\/media\/56374"}],"wp:attachment":[{"href":"https:\/\/concertacaoamazonia.com.br\/en\/wp-json\/wp\/v2\/media?parent=56373"}],"wp:term":[{"taxonomy":"category","embeddable":true,"href":"https:\/\/concertacaoamazonia.com.br\/en\/wp-json\/wp\/v2\/categories?post=56373"},{"taxonomy":"post_tag","embeddable":true,"href":"https:\/\/concertacaoamazonia.com.br\/en\/wp-json\/wp\/v2\/tags?post=56373"},{"taxonomy":"veiculo","embeddable":true,"href":"https:\/\/concertacaoamazonia.com.br\/en\/wp-json\/wp\/v2\/veiculo?post=56373"},{"taxonomy":"ano","embeddable":true,"href":"https:\/\/concertacaoamazonia.com.br\/en\/wp-json\/wp\/v2\/ano?post=56373"},{"taxonomy":"eixos","embeddable":true,"href":"https:\/\/concertacaoamazonia.com.br\/en\/wp-json\/wp\/v2\/eixos?post=56373"}],"curies":[{"name":"wp","href":"https:\/\/api.w.org\/{rel}","templated":true}]}}