{"id":54578,"date":"2024-05-10T12:48:16","date_gmt":"2024-05-10T15:48:16","guid":{"rendered":"https:\/\/concertacaoamazonia.com.br\/?p=54578"},"modified":"2024-05-10T12:49:15","modified_gmt":"2024-05-10T15:49:15","slug":"desmatamento-na-amazonia-cai-22-em-2023-menor-patamar-desde-2018","status":"publish","type":"post","link":"https:\/\/concertacaoamazonia.com.br\/en\/2024\/05\/10\/desmatamento-na-amazonia-cai-22-em-2023-menor-patamar-desde-2018\/","title":{"rendered":"Desmatamento na amaz\u00f4nia cai 22% em 2023, menor patamar desde 2018"},"content":{"rendered":"\n<p>O desmatamento na amaz\u00f4nia de agosto de 2022 a julho de 2023 teve uma redu\u00e7\u00e3o de 21,8% comparado com o per\u00edodo anterior, com perda de vegeta\u00e7\u00e3o nativa em \u00e1rea equivalente a 9.064 km\u00b2. \u00c9 o menor patamar desde 2018, quando foram perdidos 7.536 km\u00b2 no bioma.<\/p>\n","protected":false},"excerpt":{"rendered":"<p>O desmatamento na amaz\u00f4nia de agosto de 2022 a julho de 2023 teve uma redu\u00e7\u00e3o de 21,8% comparado com o per\u00edodo anterior, com perda de vegeta\u00e7\u00e3o nativa em \u00e1rea equivalente a 9.064 km\u00b2. \u00c9 o menor patamar desde 2018, quando foram perdidos 7.536 km\u00b2 no bioma.<\/p>\n","protected":false},"author":226,"featured_media":54579,"comment_status":"closed","ping_status":"closed","sticky":false,"template":"","format":"standard","meta":{"footnotes":""},"categories":[28],"tags":[],"veiculo":[1871],"ano":[2075],"eixos":[],"class_list":["post-54578","post","type-post","status-publish","format-standard","has-post-thumbnail","hentry","category-artigo-externo","veiculo-folha-de-sao-paulo-en-2"],"_links":{"self":[{"href":"https:\/\/concertacaoamazonia.com.br\/en\/wp-json\/wp\/v2\/posts\/54578","targetHints":{"allow":["GET"]}}],"collection":[{"href":"https:\/\/concertacaoamazonia.com.br\/en\/wp-json\/wp\/v2\/posts"}],"about":[{"href":"https:\/\/concertacaoamazonia.com.br\/en\/wp-json\/wp\/v2\/types\/post"}],"author":[{"embeddable":true,"href":"https:\/\/concertacaoamazonia.com.br\/en\/wp-json\/wp\/v2\/users\/226"}],"replies":[{"embeddable":true,"href":"https:\/\/concertacaoamazonia.com.br\/en\/wp-json\/wp\/v2\/comments?post=54578"}],"version-history":[{"count":0,"href":"https:\/\/concertacaoamazonia.com.br\/en\/wp-json\/wp\/v2\/posts\/54578\/revisions"}],"wp:featuredmedia":[{"embeddable":true,"href":"https:\/\/concertacaoamazonia.com.br\/en\/wp-json\/wp\/v2\/media\/54579"}],"wp:attachment":[{"href":"https:\/\/concertacaoamazonia.com.br\/en\/wp-json\/wp\/v2\/media?parent=54578"}],"wp:term":[{"taxonomy":"category","embeddable":true,"href":"https:\/\/concertacaoamazonia.com.br\/en\/wp-json\/wp\/v2\/categories?post=54578"},{"taxonomy":"post_tag","embeddable":true,"href":"https:\/\/concertacaoamazonia.com.br\/en\/wp-json\/wp\/v2\/tags?post=54578"},{"taxonomy":"veiculo","embeddable":true,"href":"https:\/\/concertacaoamazonia.com.br\/en\/wp-json\/wp\/v2\/veiculo?post=54578"},{"taxonomy":"ano","embeddable":true,"href":"https:\/\/concertacaoamazonia.com.br\/en\/wp-json\/wp\/v2\/ano?post=54578"},{"taxonomy":"eixos","embeddable":true,"href":"https:\/\/concertacaoamazonia.com.br\/en\/wp-json\/wp\/v2\/eixos?post=54578"}],"curies":[{"name":"wp","href":"https:\/\/api.w.org\/{rel}","templated":true}]}}