{"id":54498,"date":"2024-05-09T14:39:51","date_gmt":"2024-05-09T17:39:51","guid":{"rendered":"https:\/\/concertacaoamazonia.com.br\/?p=54498"},"modified":"2024-05-09T14:40:40","modified_gmt":"2024-05-09T17:40:40","slug":"narcomadeireiros-traficantes-e-milicianos-relatorio-do-cnj-mapeia-atuacao-de-grupos-criminosos-na-amazonia","status":"publish","type":"post","link":"https:\/\/concertacaoamazonia.com.br\/en\/2024\/05\/09\/narcomadeireiros-traficantes-e-milicianos-relatorio-do-cnj-mapeia-atuacao-de-grupos-criminosos-na-amazonia\/","title":{"rendered":"Narcomadeireiros, traficantes e milicianos: relat\u00f3rio do CNJ mapeia atua\u00e7\u00e3o de grupos criminosos na Amaz\u00f4nia"},"content":{"rendered":"\n<p>Al\u00e9m dos j\u00e1 conhecidos garimpeiros e grileiros, o Conselho Nacional de Justi\u00e7a (CNJ) se debru\u00e7ou no mapeamento da atua\u00e7\u00e3o de outros grupos criminosos na regi\u00e3o da Amaz\u00f4nia Legal, como narcomadeireiros, traficantes e at\u00e9 milicianos. Uma pesquisa do \u00f3rg\u00e3o analisou, sob a perspectiva de processos judiciais, as cadeias de financiamento, de lavagem de dinheiro, al\u00e9m de corrup\u00e7\u00e3o nesse espa\u00e7o territorial que abarca nove estados e mais da metade do territ\u00f3rio nacional.<\/p>\n","protected":false},"excerpt":{"rendered":"<p>Al\u00e9m dos j\u00e1 conhecidos garimpeiros e grileiros, o Conselho Nacional de Justi\u00e7a (CNJ) se debru\u00e7ou no mapeamento da atua\u00e7\u00e3o de outros grupos criminosos na regi\u00e3o da Amaz\u00f4nia Legal, como narcomadeireiros, traficantes e at\u00e9 milicianos. Uma pesquisa do \u00f3rg\u00e3o analisou, sob a perspectiva de processos judiciais, as cadeias de financiamento, de lavagem de dinheiro, al\u00e9m de corrup\u00e7\u00e3o nesse espa\u00e7o territorial que abarca nove estados e mais da metade do territ\u00f3rio nacional.<\/p>\n","protected":false},"author":226,"featured_media":54499,"comment_status":"closed","ping_status":"closed","sticky":false,"template":"","format":"standard","meta":{"footnotes":""},"categories":[28],"tags":[],"veiculo":[724],"ano":[2075],"eixos":[],"class_list":["post-54498","post","type-post","status-publish","format-standard","has-post-thumbnail","hentry","category-artigo-externo","veiculo-o-globo"],"_links":{"self":[{"href":"https:\/\/concertacaoamazonia.com.br\/en\/wp-json\/wp\/v2\/posts\/54498","targetHints":{"allow":["GET"]}}],"collection":[{"href":"https:\/\/concertacaoamazonia.com.br\/en\/wp-json\/wp\/v2\/posts"}],"about":[{"href":"https:\/\/concertacaoamazonia.com.br\/en\/wp-json\/wp\/v2\/types\/post"}],"author":[{"embeddable":true,"href":"https:\/\/concertacaoamazonia.com.br\/en\/wp-json\/wp\/v2\/users\/226"}],"replies":[{"embeddable":true,"href":"https:\/\/concertacaoamazonia.com.br\/en\/wp-json\/wp\/v2\/comments?post=54498"}],"version-history":[{"count":0,"href":"https:\/\/concertacaoamazonia.com.br\/en\/wp-json\/wp\/v2\/posts\/54498\/revisions"}],"wp:featuredmedia":[{"embeddable":true,"href":"https:\/\/concertacaoamazonia.com.br\/en\/wp-json\/wp\/v2\/media\/54499"}],"wp:attachment":[{"href":"https:\/\/concertacaoamazonia.com.br\/en\/wp-json\/wp\/v2\/media?parent=54498"}],"wp:term":[{"taxonomy":"category","embeddable":true,"href":"https:\/\/concertacaoamazonia.com.br\/en\/wp-json\/wp\/v2\/categories?post=54498"},{"taxonomy":"post_tag","embeddable":true,"href":"https:\/\/concertacaoamazonia.com.br\/en\/wp-json\/wp\/v2\/tags?post=54498"},{"taxonomy":"veiculo","embeddable":true,"href":"https:\/\/concertacaoamazonia.com.br\/en\/wp-json\/wp\/v2\/veiculo?post=54498"},{"taxonomy":"ano","embeddable":true,"href":"https:\/\/concertacaoamazonia.com.br\/en\/wp-json\/wp\/v2\/ano?post=54498"},{"taxonomy":"eixos","embeddable":true,"href":"https:\/\/concertacaoamazonia.com.br\/en\/wp-json\/wp\/v2\/eixos?post=54498"}],"curies":[{"name":"wp","href":"https:\/\/api.w.org\/{rel}","templated":true}]}}