{"id":54478,"date":"2024-05-09T14:15:37","date_gmt":"2024-05-09T17:15:37","guid":{"rendered":"https:\/\/concertacaoamazonia.com.br\/?p=54478"},"modified":"2024-05-09T14:15:40","modified_gmt":"2024-05-09T17:15:40","slug":"petrobras-retoma-ofensiva-para-tentar-liberar-poco-no-amapa-ainda-em-2024","status":"publish","type":"post","link":"https:\/\/concertacaoamazonia.com.br\/en\/2024\/05\/09\/petrobras-retoma-ofensiva-para-tentar-liberar-poco-no-amapa-ainda-em-2024\/","title":{"rendered":"Petrobras retoma ofensiva para tentar liberar po\u00e7o no Amap\u00e1 ainda em 2024"},"content":{"rendered":"\n<p>A\u00a0<a href=\"https:\/\/www1.folha.uol.com.br\/folha-topicos\/petrobras\/\" target=\"_blank\" rel=\"noreferrer noopener\">Petrobras<\/a>\u00a0quer retomar conversas com o\u00a0<a href=\"https:\/\/www1.folha.uol.com.br\/folha-topicos\/ibama\/\" target=\"_blank\" rel=\"noreferrer noopener\">Ibama<\/a>\u00a0(Instituto Brasileiro do\u00a0<a href=\"https:\/\/www1.folha.uol.com.br\/folha-topicos\/meio-ambiente\/\" target=\"_blank\" rel=\"noreferrer noopener\">Meio Ambiente<\/a>) para\u00a0<a href=\"https:\/\/www1.folha.uol.com.br\/ambiente\/2023\/10\/petrobras-preve-iniciar-exploracao-da-bacia-da-foz-do-amazonas-em-2024-diz-prates.shtml\" target=\"_blank\" rel=\"noreferrer noopener\">tentar autoriza\u00e7\u00e3o para um simulado de perfura\u00e7\u00e3o do primeiro po\u00e7o no litoral do Amap\u00e1<\/a>\u00a0em outubro, quando a sonda contratada para essa atividade estar\u00e1 dispon\u00edvel.<\/p>\n","protected":false},"excerpt":{"rendered":"<p>A Petrobras quer retomar conversas com o Ibama (Instituto Brasileiro do Meio Ambiente) para tentar autoriza\u00e7\u00e3o para um simulado de perfura\u00e7\u00e3o do primeiro po\u00e7o no litoral do Amap\u00e1 em outubro, quando a sonda contratada para essa atividade estar\u00e1 dispon\u00edvel.<\/p>\n","protected":false},"author":226,"featured_media":54479,"comment_status":"closed","ping_status":"closed","sticky":false,"template":"","format":"standard","meta":{"footnotes":""},"categories":[28],"tags":[],"veiculo":[1871],"ano":[2075],"eixos":[],"class_list":["post-54478","post","type-post","status-publish","format-standard","has-post-thumbnail","hentry","category-artigo-externo","veiculo-folha-de-sao-paulo-en-2"],"_links":{"self":[{"href":"https:\/\/concertacaoamazonia.com.br\/en\/wp-json\/wp\/v2\/posts\/54478","targetHints":{"allow":["GET"]}}],"collection":[{"href":"https:\/\/concertacaoamazonia.com.br\/en\/wp-json\/wp\/v2\/posts"}],"about":[{"href":"https:\/\/concertacaoamazonia.com.br\/en\/wp-json\/wp\/v2\/types\/post"}],"author":[{"embeddable":true,"href":"https:\/\/concertacaoamazonia.com.br\/en\/wp-json\/wp\/v2\/users\/226"}],"replies":[{"embeddable":true,"href":"https:\/\/concertacaoamazonia.com.br\/en\/wp-json\/wp\/v2\/comments?post=54478"}],"version-history":[{"count":0,"href":"https:\/\/concertacaoamazonia.com.br\/en\/wp-json\/wp\/v2\/posts\/54478\/revisions"}],"wp:featuredmedia":[{"embeddable":true,"href":"https:\/\/concertacaoamazonia.com.br\/en\/wp-json\/wp\/v2\/media\/54479"}],"wp:attachment":[{"href":"https:\/\/concertacaoamazonia.com.br\/en\/wp-json\/wp\/v2\/media?parent=54478"}],"wp:term":[{"taxonomy":"category","embeddable":true,"href":"https:\/\/concertacaoamazonia.com.br\/en\/wp-json\/wp\/v2\/categories?post=54478"},{"taxonomy":"post_tag","embeddable":true,"href":"https:\/\/concertacaoamazonia.com.br\/en\/wp-json\/wp\/v2\/tags?post=54478"},{"taxonomy":"veiculo","embeddable":true,"href":"https:\/\/concertacaoamazonia.com.br\/en\/wp-json\/wp\/v2\/veiculo?post=54478"},{"taxonomy":"ano","embeddable":true,"href":"https:\/\/concertacaoamazonia.com.br\/en\/wp-json\/wp\/v2\/ano?post=54478"},{"taxonomy":"eixos","embeddable":true,"href":"https:\/\/concertacaoamazonia.com.br\/en\/wp-json\/wp\/v2\/eixos?post=54478"}],"curies":[{"name":"wp","href":"https:\/\/api.w.org\/{rel}","templated":true}]}}