{"id":54449,"date":"2024-05-08T08:46:16","date_gmt":"2024-05-08T11:46:16","guid":{"rendered":"https:\/\/concertacaoamazonia.com.br\/?p=54449"},"modified":"2024-05-08T08:46:18","modified_gmt":"2024-05-08T11:46:18","slug":"trabalho-por-divida-pf-resgata-garimpeiros-em-situacao-analoga-a-escravidao","status":"publish","type":"post","link":"https:\/\/concertacaoamazonia.com.br\/en\/2024\/05\/08\/trabalho-por-divida-pf-resgata-garimpeiros-em-situacao-analoga-a-escravidao\/","title":{"rendered":"Trabalho por d\u00edvida: PF resgata garimpeiros em situa\u00e7\u00e3o an\u00e1loga \u00e0 escravid\u00e3o"},"content":{"rendered":"\n<p>A Pol\u00edcia Federal levou quatro dias para conseguir retirar do meio da floresta 42 trabalhadores que estavam em situa\u00e7\u00e3o an\u00e1loga \u00e0 escravid\u00e3o em um garimpo ilegal na cidade de Mau\u00e9s, no sul do Amazonas. A opera\u00e7\u00e3o de resgate terminou nesta quinta-feira. A PF utilizou um helic\u00f3ptero, que precisou fazer tr\u00eas viagens para lev\u00e1-los a abrigos em Itaituba e Jacareacanga, no sudoeste do Par\u00e1.<\/p>\n","protected":false},"excerpt":{"rendered":"<p>A Pol\u00edcia Federal levou quatro dias para conseguir retirar do meio da floresta 42 trabalhadores que estavam em situa\u00e7\u00e3o an\u00e1loga \u00e0 escravid\u00e3o em um garimpo ilegal na cidade de Mau\u00e9s, no sul do Amazonas. A opera\u00e7\u00e3o de resgate terminou nesta quinta-feira. A PF utilizou um helic\u00f3ptero, que precisou fazer tr\u00eas viagens para lev\u00e1-los a abrigos em Itaituba e Jacareacanga, no sudoeste do Par\u00e1.<\/p>\n","protected":false},"author":226,"featured_media":54450,"comment_status":"closed","ping_status":"closed","sticky":false,"template":"","format":"standard","meta":{"footnotes":""},"categories":[28],"tags":[],"veiculo":[724],"ano":[2075],"eixos":[],"class_list":["post-54449","post","type-post","status-publish","format-standard","has-post-thumbnail","hentry","category-artigo-externo","veiculo-o-globo"],"_links":{"self":[{"href":"https:\/\/concertacaoamazonia.com.br\/en\/wp-json\/wp\/v2\/posts\/54449","targetHints":{"allow":["GET"]}}],"collection":[{"href":"https:\/\/concertacaoamazonia.com.br\/en\/wp-json\/wp\/v2\/posts"}],"about":[{"href":"https:\/\/concertacaoamazonia.com.br\/en\/wp-json\/wp\/v2\/types\/post"}],"author":[{"embeddable":true,"href":"https:\/\/concertacaoamazonia.com.br\/en\/wp-json\/wp\/v2\/users\/226"}],"replies":[{"embeddable":true,"href":"https:\/\/concertacaoamazonia.com.br\/en\/wp-json\/wp\/v2\/comments?post=54449"}],"version-history":[{"count":0,"href":"https:\/\/concertacaoamazonia.com.br\/en\/wp-json\/wp\/v2\/posts\/54449\/revisions"}],"wp:featuredmedia":[{"embeddable":true,"href":"https:\/\/concertacaoamazonia.com.br\/en\/wp-json\/wp\/v2\/media\/54450"}],"wp:attachment":[{"href":"https:\/\/concertacaoamazonia.com.br\/en\/wp-json\/wp\/v2\/media?parent=54449"}],"wp:term":[{"taxonomy":"category","embeddable":true,"href":"https:\/\/concertacaoamazonia.com.br\/en\/wp-json\/wp\/v2\/categories?post=54449"},{"taxonomy":"post_tag","embeddable":true,"href":"https:\/\/concertacaoamazonia.com.br\/en\/wp-json\/wp\/v2\/tags?post=54449"},{"taxonomy":"veiculo","embeddable":true,"href":"https:\/\/concertacaoamazonia.com.br\/en\/wp-json\/wp\/v2\/veiculo?post=54449"},{"taxonomy":"ano","embeddable":true,"href":"https:\/\/concertacaoamazonia.com.br\/en\/wp-json\/wp\/v2\/ano?post=54449"},{"taxonomy":"eixos","embeddable":true,"href":"https:\/\/concertacaoamazonia.com.br\/en\/wp-json\/wp\/v2\/eixos?post=54449"}],"curies":[{"name":"wp","href":"https:\/\/api.w.org\/{rel}","templated":true}]}}