{"id":54432,"date":"2024-05-08T08:38:28","date_gmt":"2024-05-08T11:38:28","guid":{"rendered":"https:\/\/concertacaoamazonia.com.br\/?p=54432"},"modified":"2024-05-08T08:38:30","modified_gmt":"2024-05-08T11:38:30","slug":"projeto-perfura-subsolo-da-amazonia-para-estudar-evolucao-do-clima-na-floresta","status":"publish","type":"post","link":"https:\/\/concertacaoamazonia.com.br\/en\/2024\/05\/08\/projeto-perfura-subsolo-da-amazonia-para-estudar-evolucao-do-clima-na-floresta\/","title":{"rendered":"Projeto perfura subsolo da amaz\u00f4nia para estudar evolu\u00e7\u00e3o do clima na floresta"},"content":{"rendered":"\n<p>Ap\u00f3s oito meses no Acre, pesquisadores do Projeto de Perfura\u00e7\u00e3o Transamaz\u00f4nica (Trans-Amazon Drilling Project, ou TADP, na sigla em ingl\u00eas) conclu\u00edram a primeira fase de um megaprograma cient\u00edfico internacional que tem o objetivo de estudar a origem e a evolu\u00e7\u00e3o da&nbsp;<a href=\"https:\/\/www1.folha.uol.com.br\/folha-topicos\/amazonia\/\" target=\"_blank\" rel=\"noreferrer noopener\">amaz\u00f4nia<\/a>&nbsp;e do&nbsp;<a href=\"https:\/\/www1.folha.uol.com.br\/folha-topicos\/clima\/\" target=\"_blank\" rel=\"noreferrer noopener\">clima<\/a>&nbsp;da Am\u00e9rica do Sul tropical.<\/p>\n","protected":false},"excerpt":{"rendered":"<p>Ap\u00f3s oito meses no Acre, pesquisadores do Projeto de Perfura\u00e7\u00e3o Transamaz\u00f4nica (Trans-Amazon Drilling Project, ou TADP, na sigla em ingl\u00eas) conclu\u00edram a primeira fase de um megaprograma cient\u00edfico internacional que tem o objetivo de estudar a origem e a evolu\u00e7\u00e3o da amaz\u00f4nia e do clima da Am\u00e9rica do Sul tropical.<\/p>\n","protected":false},"author":226,"featured_media":54433,"comment_status":"closed","ping_status":"closed","sticky":false,"template":"","format":"standard","meta":{"footnotes":""},"categories":[28],"tags":[],"veiculo":[1871],"ano":[2075],"eixos":[],"class_list":["post-54432","post","type-post","status-publish","format-standard","has-post-thumbnail","hentry","category-artigo-externo","veiculo-folha-de-sao-paulo-en-2"],"_links":{"self":[{"href":"https:\/\/concertacaoamazonia.com.br\/en\/wp-json\/wp\/v2\/posts\/54432","targetHints":{"allow":["GET"]}}],"collection":[{"href":"https:\/\/concertacaoamazonia.com.br\/en\/wp-json\/wp\/v2\/posts"}],"about":[{"href":"https:\/\/concertacaoamazonia.com.br\/en\/wp-json\/wp\/v2\/types\/post"}],"author":[{"embeddable":true,"href":"https:\/\/concertacaoamazonia.com.br\/en\/wp-json\/wp\/v2\/users\/226"}],"replies":[{"embeddable":true,"href":"https:\/\/concertacaoamazonia.com.br\/en\/wp-json\/wp\/v2\/comments?post=54432"}],"version-history":[{"count":0,"href":"https:\/\/concertacaoamazonia.com.br\/en\/wp-json\/wp\/v2\/posts\/54432\/revisions"}],"wp:featuredmedia":[{"embeddable":true,"href":"https:\/\/concertacaoamazonia.com.br\/en\/wp-json\/wp\/v2\/media\/54433"}],"wp:attachment":[{"href":"https:\/\/concertacaoamazonia.com.br\/en\/wp-json\/wp\/v2\/media?parent=54432"}],"wp:term":[{"taxonomy":"category","embeddable":true,"href":"https:\/\/concertacaoamazonia.com.br\/en\/wp-json\/wp\/v2\/categories?post=54432"},{"taxonomy":"post_tag","embeddable":true,"href":"https:\/\/concertacaoamazonia.com.br\/en\/wp-json\/wp\/v2\/tags?post=54432"},{"taxonomy":"veiculo","embeddable":true,"href":"https:\/\/concertacaoamazonia.com.br\/en\/wp-json\/wp\/v2\/veiculo?post=54432"},{"taxonomy":"ano","embeddable":true,"href":"https:\/\/concertacaoamazonia.com.br\/en\/wp-json\/wp\/v2\/ano?post=54432"},{"taxonomy":"eixos","embeddable":true,"href":"https:\/\/concertacaoamazonia.com.br\/en\/wp-json\/wp\/v2\/eixos?post=54432"}],"curies":[{"name":"wp","href":"https:\/\/api.w.org\/{rel}","templated":true}]}}