{"id":54411,"date":"2024-05-06T14:44:13","date_gmt":"2024-05-06T17:44:13","guid":{"rendered":"https:\/\/concertacaoamazonia.com.br\/?p=54411"},"modified":"2024-05-06T14:44:15","modified_gmt":"2024-05-06T17:44:15","slug":"um-oceano-de-oportunidades-na-transicao-energetica","status":"publish","type":"post","link":"https:\/\/concertacaoamazonia.com.br\/en\/2024\/05\/06\/um-oceano-de-oportunidades-na-transicao-energetica\/","title":{"rendered":"Um oceano de oportunidades na transi\u00e7\u00e3o energ\u00e9tica"},"content":{"rendered":"\n<p>Desde 1970, apesar dos in\u00fameros problemas ambientais e sociais que causa, a m\u00e9dia do consumo mundial de energia f\u00f3ssil vem se mantendo no patamar de perto de 80%. Para substituir plenamente os combust\u00edveis f\u00f3sseis e reduzir de forma significativa os gases de efeito estufa (GEE), a polui\u00e7\u00e3o e as chuvas \u00e1cidas, necessita-se de fontes limpas que gerem no regime 24 horas por dia, 7 dias por semana. Por\u00e9m, a energia e\u00f3lica e a solar fotovoltaica s\u00e3o intermitentes. A disponibilidade delas depende, respectivamente, da ocorr\u00eancia aleat\u00f3ria dos ventos e de luz solar abundante.<\/p>\n","protected":false},"excerpt":{"rendered":"<p>Desde 1970, apesar dos in\u00fameros problemas ambientais e sociais que causa, a m\u00e9dia do consumo mundial de energia f\u00f3ssil vem se mantendo no patamar de perto de 80%. Para substituir plenamente os combust\u00edveis f\u00f3sseis e reduzir de forma significativa os gases de efeito estufa (GEE), a polui\u00e7\u00e3o e as chuvas \u00e1cidas, necessita-se de fontes limpas que gerem no regime 24 horas por dia, 7 dias por semana. Por\u00e9m, a energia e\u00f3lica e a solar fotovoltaica s\u00e3o intermitentes. A disponibilidade delas depende, respectivamente, da ocorr\u00eancia aleat\u00f3ria dos ventos e de luz solar abundante.<\/p>\n","protected":false},"author":226,"featured_media":54412,"comment_status":"closed","ping_status":"closed","sticky":false,"template":"","format":"standard","meta":{"footnotes":""},"categories":[28],"tags":[],"veiculo":[1873],"ano":[2075],"eixos":[],"class_list":["post-54411","post","type-post","status-publish","format-standard","has-post-thumbnail","hentry","category-artigo-externo","veiculo-valor-economico-en-2"],"_links":{"self":[{"href":"https:\/\/concertacaoamazonia.com.br\/en\/wp-json\/wp\/v2\/posts\/54411","targetHints":{"allow":["GET"]}}],"collection":[{"href":"https:\/\/concertacaoamazonia.com.br\/en\/wp-json\/wp\/v2\/posts"}],"about":[{"href":"https:\/\/concertacaoamazonia.com.br\/en\/wp-json\/wp\/v2\/types\/post"}],"author":[{"embeddable":true,"href":"https:\/\/concertacaoamazonia.com.br\/en\/wp-json\/wp\/v2\/users\/226"}],"replies":[{"embeddable":true,"href":"https:\/\/concertacaoamazonia.com.br\/en\/wp-json\/wp\/v2\/comments?post=54411"}],"version-history":[{"count":0,"href":"https:\/\/concertacaoamazonia.com.br\/en\/wp-json\/wp\/v2\/posts\/54411\/revisions"}],"wp:featuredmedia":[{"embeddable":true,"href":"https:\/\/concertacaoamazonia.com.br\/en\/wp-json\/wp\/v2\/media\/54412"}],"wp:attachment":[{"href":"https:\/\/concertacaoamazonia.com.br\/en\/wp-json\/wp\/v2\/media?parent=54411"}],"wp:term":[{"taxonomy":"category","embeddable":true,"href":"https:\/\/concertacaoamazonia.com.br\/en\/wp-json\/wp\/v2\/categories?post=54411"},{"taxonomy":"post_tag","embeddable":true,"href":"https:\/\/concertacaoamazonia.com.br\/en\/wp-json\/wp\/v2\/tags?post=54411"},{"taxonomy":"veiculo","embeddable":true,"href":"https:\/\/concertacaoamazonia.com.br\/en\/wp-json\/wp\/v2\/veiculo?post=54411"},{"taxonomy":"ano","embeddable":true,"href":"https:\/\/concertacaoamazonia.com.br\/en\/wp-json\/wp\/v2\/ano?post=54411"},{"taxonomy":"eixos","embeddable":true,"href":"https:\/\/concertacaoamazonia.com.br\/en\/wp-json\/wp\/v2\/eixos?post=54411"}],"curies":[{"name":"wp","href":"https:\/\/api.w.org\/{rel}","templated":true}]}}