{"id":54379,"date":"2024-05-06T14:01:23","date_gmt":"2024-05-06T17:01:23","guid":{"rendered":"https:\/\/concertacaoamazonia.com.br\/?p=54379"},"modified":"2024-05-06T14:02:51","modified_gmt":"2024-05-06T17:02:51","slug":"projetos-de-lei-no-congresso-podem-beneficiar-o-garimpo-clandestino-alerta-ibram","status":"publish","type":"post","link":"https:\/\/concertacaoamazonia.com.br\/en\/2024\/05\/06\/projetos-de-lei-no-congresso-podem-beneficiar-o-garimpo-clandestino-alerta-ibram\/","title":{"rendered":"Projetos de lei no Congresso podem beneficiar o garimpo clandestino, alerta Ibram"},"content":{"rendered":"\n<p>O Instituto Brasileiro de Minera\u00e7\u00e3o (Ibram) relatou preocupa\u00e7\u00e3o com o avan\u00e7o no Congresso Nacional de projetos de leis para o garimpo que podem acabar beneficiando o garimpo clandestino.<\/p>\n","protected":false},"excerpt":{"rendered":"<p>O Instituto Brasileiro de Minera\u00e7\u00e3o (Ibram) relatou preocupa\u00e7\u00e3o com o avan\u00e7o no Congresso Nacional de projetos de leis para o garimpo que podem acabar beneficiando o garimpo clandestino.<\/p>\n","protected":false},"author":226,"featured_media":54380,"comment_status":"closed","ping_status":"closed","sticky":false,"template":"","format":"standard","meta":{"footnotes":""},"categories":[28],"tags":[],"veiculo":[1873],"ano":[2075],"eixos":[],"class_list":["post-54379","post","type-post","status-publish","format-standard","has-post-thumbnail","hentry","category-artigo-externo","veiculo-valor-economico-en-2"],"_links":{"self":[{"href":"https:\/\/concertacaoamazonia.com.br\/en\/wp-json\/wp\/v2\/posts\/54379","targetHints":{"allow":["GET"]}}],"collection":[{"href":"https:\/\/concertacaoamazonia.com.br\/en\/wp-json\/wp\/v2\/posts"}],"about":[{"href":"https:\/\/concertacaoamazonia.com.br\/en\/wp-json\/wp\/v2\/types\/post"}],"author":[{"embeddable":true,"href":"https:\/\/concertacaoamazonia.com.br\/en\/wp-json\/wp\/v2\/users\/226"}],"replies":[{"embeddable":true,"href":"https:\/\/concertacaoamazonia.com.br\/en\/wp-json\/wp\/v2\/comments?post=54379"}],"version-history":[{"count":0,"href":"https:\/\/concertacaoamazonia.com.br\/en\/wp-json\/wp\/v2\/posts\/54379\/revisions"}],"wp:featuredmedia":[{"embeddable":true,"href":"https:\/\/concertacaoamazonia.com.br\/en\/wp-json\/wp\/v2\/media\/54380"}],"wp:attachment":[{"href":"https:\/\/concertacaoamazonia.com.br\/en\/wp-json\/wp\/v2\/media?parent=54379"}],"wp:term":[{"taxonomy":"category","embeddable":true,"href":"https:\/\/concertacaoamazonia.com.br\/en\/wp-json\/wp\/v2\/categories?post=54379"},{"taxonomy":"post_tag","embeddable":true,"href":"https:\/\/concertacaoamazonia.com.br\/en\/wp-json\/wp\/v2\/tags?post=54379"},{"taxonomy":"veiculo","embeddable":true,"href":"https:\/\/concertacaoamazonia.com.br\/en\/wp-json\/wp\/v2\/veiculo?post=54379"},{"taxonomy":"ano","embeddable":true,"href":"https:\/\/concertacaoamazonia.com.br\/en\/wp-json\/wp\/v2\/ano?post=54379"},{"taxonomy":"eixos","embeddable":true,"href":"https:\/\/concertacaoamazonia.com.br\/en\/wp-json\/wp\/v2\/eixos?post=54379"}],"curies":[{"name":"wp","href":"https:\/\/api.w.org\/{rel}","templated":true}]}}