{"id":54321,"date":"2024-05-03T10:57:35","date_gmt":"2024-05-03T13:57:35","guid":{"rendered":"https:\/\/concertacaoamazonia.com.br\/?p=54321"},"modified":"2024-05-03T10:57:37","modified_gmt":"2024-05-03T13:57:37","slug":"centro-de-bionegocios-da-amazonia-lanca-projeto-para-atrair-empresas-do-polo-industrial-de-manaus","status":"publish","type":"post","link":"https:\/\/concertacaoamazonia.com.br\/en\/2024\/05\/03\/centro-de-bionegocios-da-amazonia-lanca-projeto-para-atrair-empresas-do-polo-industrial-de-manaus\/","title":{"rendered":"Centro de Bioneg\u00f3cios da Amaz\u00f4nia lan\u00e7a projeto para atrair empresas do Polo Industrial de Manaus"},"content":{"rendered":"\n<p>Projeto tem o objetivo de estimular a colabora\u00e7\u00e3o entre o CBA e as ind\u00fastrias locais para a solu\u00e7\u00e3o em neg\u00f3cios na \u00e1rea de bioeconomia Compartilhe:\u00a0<a class=\"\" href=\"http:\/\/www.facebook.com\/sharer.php?u=https:\/\/www.gov.br\/mdic\/pt-br\/assuntos\/noticias\/2024\/abril\/centro-de-bionegocios-da-amazonia-lanca-projeto-para-atrair-empresas-do-polo-industrial-de-manaus\" target=\"_blank\" rel=\"noreferrer noopener\">Compartilhe por Facebook\u00a0<\/a><a class=\"\" href=\"https:\/\/twitter.com\/share?text=Centro%20de%20Bioneg%C3%B3cios%20da%20Amaz%C3%B4nia%20lan%C3%A7a%20projeto%20para%20atrair%20empresas%20do%20Polo%20Industrial%20de%20Manaus&amp;url=https:\/\/www.gov.br\/mdic\/resolveuid\/eedacd54355c4ab6ae5e130b09991a39\" target=\"_blank\" rel=\"noreferrer noopener\">Compartilhe por Twitter\u00a0<\/a><a class=\"\" href=\"https:\/\/www.linkedin.com\/shareArticle?mini=true&amp;url=https:\/\/www.gov.br\/mdic\/pt-br\/assuntos\/noticias\/2024\/abril\/centro-de-bionegocios-da-amazonia-lanca-projeto-para-atrair-empresas-do-polo-industrial-de-manaus&amp;title=Centro%20de%20Bioneg%C3%B3cios%20da%20Amaz%C3%B4nia%20lan%C3%A7a%20projeto%20para%20atrair%20empresas%20do%20Polo%20Industrial%20de%20Manaus\" target=\"_blank\" rel=\"noreferrer noopener\">Compartilhe por LinkedIn\u00a0<\/a><a href=\"https:\/\/api.whatsapp.com\/send?text=https:\/\/www.gov.br\/mdic\/pt-br\/assuntos\/noticias\/2024\/abril\/centro-de-bionegocios-da-amazonia-lanca-projeto-para-atrair-empresas-do-polo-industrial-de-manaus\" target=\"_blank\" rel=\"noreferrer noopener\">Compartilhe por WhatsApp\u00a0<\/a><a href=\"https:\/\/www.gov.br\/mdic\/pt-br\/assuntos\/noticias\/2024\/abril\/centro-de-bionegocios-da-amazonia-lanca-projeto-para-atrair-empresas-do-polo-industrial-de-manaus\" target=\"_blank\" rel=\"noreferrer noopener\">link para Copiar para \u00e1rea de transfer\u00eancia<\/a><\/p>\n","protected":false},"excerpt":{"rendered":"<p>Projeto tem o objetivo de estimular a colabora\u00e7\u00e3o entre o CBA e as ind\u00fastrias locais para a solu\u00e7\u00e3o em neg\u00f3cios na \u00e1rea de bioeconomia Compartilhe:\u00a0Compartilhe por Facebook\u00a0Compartilhe por Twitter\u00a0Compartilhe por LinkedIn\u00a0Compartilhe por WhatsApp\u00a0link para Copiar para \u00e1rea de transfer\u00eancia<\/p>\n","protected":false},"author":226,"featured_media":54322,"comment_status":"closed","ping_status":"closed","sticky":false,"template":"","format":"standard","meta":{"footnotes":""},"categories":[28],"tags":[],"veiculo":[716],"ano":[2075],"eixos":[],"class_list":["post-54321","post","type-post","status-publish","format-standard","has-post-thumbnail","hentry","category-artigo-externo","veiculo-governo-federal"],"_links":{"self":[{"href":"https:\/\/concertacaoamazonia.com.br\/en\/wp-json\/wp\/v2\/posts\/54321","targetHints":{"allow":["GET"]}}],"collection":[{"href":"https:\/\/concertacaoamazonia.com.br\/en\/wp-json\/wp\/v2\/posts"}],"about":[{"href":"https:\/\/concertacaoamazonia.com.br\/en\/wp-json\/wp\/v2\/types\/post"}],"author":[{"embeddable":true,"href":"https:\/\/concertacaoamazonia.com.br\/en\/wp-json\/wp\/v2\/users\/226"}],"replies":[{"embeddable":true,"href":"https:\/\/concertacaoamazonia.com.br\/en\/wp-json\/wp\/v2\/comments?post=54321"}],"version-history":[{"count":0,"href":"https:\/\/concertacaoamazonia.com.br\/en\/wp-json\/wp\/v2\/posts\/54321\/revisions"}],"wp:featuredmedia":[{"embeddable":true,"href":"https:\/\/concertacaoamazonia.com.br\/en\/wp-json\/wp\/v2\/media\/54322"}],"wp:attachment":[{"href":"https:\/\/concertacaoamazonia.com.br\/en\/wp-json\/wp\/v2\/media?parent=54321"}],"wp:term":[{"taxonomy":"category","embeddable":true,"href":"https:\/\/concertacaoamazonia.com.br\/en\/wp-json\/wp\/v2\/categories?post=54321"},{"taxonomy":"post_tag","embeddable":true,"href":"https:\/\/concertacaoamazonia.com.br\/en\/wp-json\/wp\/v2\/tags?post=54321"},{"taxonomy":"veiculo","embeddable":true,"href":"https:\/\/concertacaoamazonia.com.br\/en\/wp-json\/wp\/v2\/veiculo?post=54321"},{"taxonomy":"ano","embeddable":true,"href":"https:\/\/concertacaoamazonia.com.br\/en\/wp-json\/wp\/v2\/ano?post=54321"},{"taxonomy":"eixos","embeddable":true,"href":"https:\/\/concertacaoamazonia.com.br\/en\/wp-json\/wp\/v2\/eixos?post=54321"}],"curies":[{"name":"wp","href":"https:\/\/api.w.org\/{rel}","templated":true}]}}