{"id":54180,"date":"2024-04-30T13:54:47","date_gmt":"2024-04-30T16:54:47","guid":{"rendered":"https:\/\/concertacaoamazonia.com.br\/?p=54180"},"modified":"2024-04-30T13:54:49","modified_gmt":"2024-04-30T16:54:49","slug":"estudo-mostra-conexao-entre-crimes-economicos-e-ambientais-na-producao-de-madeira-ouro-e-gado-na-amazonia","status":"publish","type":"post","link":"https:\/\/concertacaoamazonia.com.br\/en\/2024\/04\/30\/estudo-mostra-conexao-entre-crimes-economicos-e-ambientais-na-producao-de-madeira-ouro-e-gado-na-amazonia\/","title":{"rendered":"Estudo mostra conex\u00e3o entre crimes econ\u00f4micos e ambientais na produ\u00e7\u00e3o de madeira, ouro e gado na Amaz\u00f4nia"},"content":{"rendered":"\n<p>Extra\u00e7\u00e3o ilegal de madeira e grilagem s\u00e3o principais causas do desmatamento na Amaz\u00f4nia, diz ONG<\/p>\n","protected":false},"excerpt":{"rendered":"<p>Extra\u00e7\u00e3o ilegal de madeira e grilagem s\u00e3o principais causas do desmatamento na Amaz\u00f4nia, diz ONG<\/p>\n","protected":false},"author":226,"featured_media":54181,"comment_status":"closed","ping_status":"closed","sticky":false,"template":"","format":"standard","meta":{"footnotes":""},"categories":[28],"tags":[],"veiculo":[714],"ano":[2075],"eixos":[],"class_list":["post-54180","post","type-post","status-publish","format-standard","has-post-thumbnail","hentry","category-artigo-externo","veiculo-g1"],"_links":{"self":[{"href":"https:\/\/concertacaoamazonia.com.br\/en\/wp-json\/wp\/v2\/posts\/54180","targetHints":{"allow":["GET"]}}],"collection":[{"href":"https:\/\/concertacaoamazonia.com.br\/en\/wp-json\/wp\/v2\/posts"}],"about":[{"href":"https:\/\/concertacaoamazonia.com.br\/en\/wp-json\/wp\/v2\/types\/post"}],"author":[{"embeddable":true,"href":"https:\/\/concertacaoamazonia.com.br\/en\/wp-json\/wp\/v2\/users\/226"}],"replies":[{"embeddable":true,"href":"https:\/\/concertacaoamazonia.com.br\/en\/wp-json\/wp\/v2\/comments?post=54180"}],"version-history":[{"count":0,"href":"https:\/\/concertacaoamazonia.com.br\/en\/wp-json\/wp\/v2\/posts\/54180\/revisions"}],"wp:featuredmedia":[{"embeddable":true,"href":"https:\/\/concertacaoamazonia.com.br\/en\/wp-json\/wp\/v2\/media\/54181"}],"wp:attachment":[{"href":"https:\/\/concertacaoamazonia.com.br\/en\/wp-json\/wp\/v2\/media?parent=54180"}],"wp:term":[{"taxonomy":"category","embeddable":true,"href":"https:\/\/concertacaoamazonia.com.br\/en\/wp-json\/wp\/v2\/categories?post=54180"},{"taxonomy":"post_tag","embeddable":true,"href":"https:\/\/concertacaoamazonia.com.br\/en\/wp-json\/wp\/v2\/tags?post=54180"},{"taxonomy":"veiculo","embeddable":true,"href":"https:\/\/concertacaoamazonia.com.br\/en\/wp-json\/wp\/v2\/veiculo?post=54180"},{"taxonomy":"ano","embeddable":true,"href":"https:\/\/concertacaoamazonia.com.br\/en\/wp-json\/wp\/v2\/ano?post=54180"},{"taxonomy":"eixos","embeddable":true,"href":"https:\/\/concertacaoamazonia.com.br\/en\/wp-json\/wp\/v2\/eixos?post=54180"}],"curies":[{"name":"wp","href":"https:\/\/api.w.org\/{rel}","templated":true}]}}