{"id":53926,"date":"2024-04-26T19:22:41","date_gmt":"2024-04-26T22:22:41","guid":{"rendered":"https:\/\/concertacaoamazonia.com.br\/?p=53926"},"modified":"2024-04-26T19:22:44","modified_gmt":"2024-04-26T22:22:44","slug":"para-alem-do-global-estamos-prontos-para-uma-politica-planetaria","status":"publish","type":"post","link":"https:\/\/concertacaoamazonia.com.br\/en\/2024\/04\/26\/para-alem-do-global-estamos-prontos-para-uma-politica-planetaria\/","title":{"rendered":"Para al\u00e9m do global: estamos prontos para uma pol\u00edtica planet\u00e1ria? &#8230;"},"content":{"rendered":"\n<p>Mudan\u00e7as clim\u00e1ticas exigem cria\u00e7\u00e3o de institui\u00e7\u00f5es que conectem todos os polos do planeta e gerenciem a influ\u00eancia das a\u00e7\u00f5es humanas na Terra, escrevem L\u00edvia Pagotto e Izabella Teixeira.<\/p>\n","protected":false},"excerpt":{"rendered":"<p>Mudan\u00e7as clim\u00e1ticas exigem cria\u00e7\u00e3o de institui\u00e7\u00f5es que conectem todos os polos do planeta e gerenciem a influ\u00eancia das a\u00e7\u00f5es humanas na Terra, escrevem L\u00edvia Pagotto e Izabella Teixeira.<\/p>\n","protected":false},"author":226,"featured_media":53927,"comment_status":"closed","ping_status":"closed","sticky":false,"template":"","format":"standard","meta":{"footnotes":""},"categories":[28],"tags":[],"veiculo":[1914],"ano":[2075],"eixos":[],"class_list":["post-53926","post","type-post","status-publish","format-standard","has-post-thumbnail","hentry","category-artigo-externo","veiculo-poder-360"],"_links":{"self":[{"href":"https:\/\/concertacaoamazonia.com.br\/en\/wp-json\/wp\/v2\/posts\/53926","targetHints":{"allow":["GET"]}}],"collection":[{"href":"https:\/\/concertacaoamazonia.com.br\/en\/wp-json\/wp\/v2\/posts"}],"about":[{"href":"https:\/\/concertacaoamazonia.com.br\/en\/wp-json\/wp\/v2\/types\/post"}],"author":[{"embeddable":true,"href":"https:\/\/concertacaoamazonia.com.br\/en\/wp-json\/wp\/v2\/users\/226"}],"replies":[{"embeddable":true,"href":"https:\/\/concertacaoamazonia.com.br\/en\/wp-json\/wp\/v2\/comments?post=53926"}],"version-history":[{"count":0,"href":"https:\/\/concertacaoamazonia.com.br\/en\/wp-json\/wp\/v2\/posts\/53926\/revisions"}],"wp:featuredmedia":[{"embeddable":true,"href":"https:\/\/concertacaoamazonia.com.br\/en\/wp-json\/wp\/v2\/media\/53927"}],"wp:attachment":[{"href":"https:\/\/concertacaoamazonia.com.br\/en\/wp-json\/wp\/v2\/media?parent=53926"}],"wp:term":[{"taxonomy":"category","embeddable":true,"href":"https:\/\/concertacaoamazonia.com.br\/en\/wp-json\/wp\/v2\/categories?post=53926"},{"taxonomy":"post_tag","embeddable":true,"href":"https:\/\/concertacaoamazonia.com.br\/en\/wp-json\/wp\/v2\/tags?post=53926"},{"taxonomy":"veiculo","embeddable":true,"href":"https:\/\/concertacaoamazonia.com.br\/en\/wp-json\/wp\/v2\/veiculo?post=53926"},{"taxonomy":"ano","embeddable":true,"href":"https:\/\/concertacaoamazonia.com.br\/en\/wp-json\/wp\/v2\/ano?post=53926"},{"taxonomy":"eixos","embeddable":true,"href":"https:\/\/concertacaoamazonia.com.br\/en\/wp-json\/wp\/v2\/eixos?post=53926"}],"curies":[{"name":"wp","href":"https:\/\/api.w.org\/{rel}","templated":true}]}}